{"id":1033,"date":"2022-11-06T19:08:00","date_gmt":"2022-11-06T18:08:00","guid":{"rendered":"http:\/\/grenierdecourbevoie.fr\/?p=1033"},"modified":"2023-12-22T16:37:12","modified_gmt":"2023-12-22T15:37:12","slug":"un-artiste","status":"publish","type":"post","link":"https:\/\/grenierdecourbevoie.fr\/index.php\/2022\/11\/06\/un-artiste\/","title":{"rendered":"Un artiste"},"content":{"rendered":"\n<p class=\"wp-block-paragraph\">Mon arri\u00e8re-grand-p\u00e8re, Edmond, est n\u00e9 le 24 octobre 1922 \u00e0 Saint-\u00c9tienne.<\/p>\n\n\n\n<p class=\"wp-block-paragraph\">Il passa son enfance dans un pavillon de la ville avec ses parents et ses fr\u00e8res et s\u0153urs.<\/p>\n\n\n\n<p class=\"wp-block-paragraph\">Il obtint son certificat d\u2019\u00e9tudes en 1939. C\u2019\u00e9tait quelqu\u2019un de tr\u00e8s exigeant et ordonn\u00e9. Son p\u00e8re, ancien professeur aux Beaux-Arts de Saint-\u00c9tienne, lui avait transmis son savoir : ainsi, Edmond \u00e9tait un brillant dessinateur ou encore sculpteur.<\/p>\n\n\n\n<p class=\"wp-block-paragraph\">Toutefois, il n\u2019en fit pas son m\u00e9tier, et \u00e9couta les conseils de son fr\u00e8re, en suivant des cours de violoncelle. Tr\u00e8s dou\u00e9, il fut plus tard orient\u00e9 vers un autre instrument : la contrebasse. En 1949, il passa un concours \u00e0 l\u2019Op\u00e9ra de Paris, qu\u2019il r\u00e9ussit brillamment, ce qui lui permit d\u2019avoir une formidable carri\u00e8re de soliste, transmettant son art partout en Europe.<\/p>\n\n\n\n<p class=\"wp-block-paragraph\">Il conna\u00eetra la guerre et l\u2019Occupation durant laquelle il d\u00fbt partir pour le STO (Service de Travail Obligatoire) et duquel il s\u2019\u00e9chappera.<\/p>\n\n\n\n<p class=\"wp-block-paragraph\">Il aura une vie heureuse jusqu\u2019\u00e0 son d\u00e9c\u00e8s en 2020.<\/p>\n","protected":false},"excerpt":{"rendered":"<p>Mon arri\u00e8re-grand-p\u00e8re, Edmond, est n\u00e9 le 24 octobre 1922 \u00e0 Saint-\u00c9tienne. Il passa son enfance dans un pavillon de la ville avec ses parents et ses fr\u00e8res et s\u0153urs. Il obtint son certificat d\u2019\u00e9tudes en 1939. C\u2019\u00e9tait quelqu\u2019un de tr\u00e8s exigeant et ordonn\u00e9. Son p\u00e8re, ancien professeur aux Beaux-Arts de Saint-\u00c9tienne, lui avait transmis son [&hellip;]<\/p>\n","protected":false},"author":1,"featured_media":0,"comment_status":"closed","ping_status":"closed","sticky":false,"template":"","format":"standard","meta":{"footnotes":""},"categories":[24,29],"tags":[1217,1220,376,1218,1221,1219,293],"class_list":["post-1033","post","type-post","status-publish","format-standard","hentry","category-guerre","category-musique","tag-artiste","tag-beaux-arts","tag-deuxieme-guerre-mondiale","tag-opera","tag-saint-etienne","tag-sculpteur","tag-sto"],"jetpack_featured_media_url":"","_links":{"self":[{"href":"https:\/\/grenierdecourbevoie.fr\/index.php\/wp-json\/wp\/v2\/posts\/1033","targetHints":{"allow":["GET"]}}],"collection":[{"href":"https:\/\/grenierdecourbevoie.fr\/index.php\/wp-json\/wp\/v2\/posts"}],"about":[{"href":"https:\/\/grenierdecourbevoie.fr\/index.php\/wp-json\/wp\/v2\/types\/post"}],"author":[{"embeddable":true,"href":"https:\/\/grenierdecourbevoie.fr\/index.php\/wp-json\/wp\/v2\/users\/1"}],"replies":[{"embeddable":true,"href":"https:\/\/grenierdecourbevoie.fr\/index.php\/wp-json\/wp\/v2\/comments?post=1033"}],"version-history":[{"count":2,"href":"https:\/\/grenierdecourbevoie.fr\/index.php\/wp-json\/wp\/v2\/posts\/1033\/revisions"}],"predecessor-version":[{"id":1233,"href":"https:\/\/grenierdecourbevoie.fr\/index.php\/wp-json\/wp\/v2\/posts\/1033\/revisions\/1233"}],"wp:attachment":[{"href":"https:\/\/grenierdecourbevoie.fr\/index.php\/wp-json\/wp\/v2\/media?parent=1033"}],"wp:term":[{"taxonomy":"category","embeddable":true,"href":"https:\/\/grenierdecourbevoie.fr\/index.php\/wp-json\/wp\/v2\/categories?post=1033"},{"taxonomy":"post_tag","embeddable":true,"href":"https:\/\/grenierdecourbevoie.fr\/index.php\/wp-json\/wp\/v2\/tags?post=1033"}],"curies":[{"name":"wp","href":"https:\/\/api.w.org\/{rel}","templated":true}]}}