{"id":1040,"date":"2022-11-07T09:48:21","date_gmt":"2022-11-07T08:48:21","guid":{"rendered":"http:\/\/grenierdecourbevoie.fr\/?p=1040"},"modified":"2023-12-22T16:38:45","modified_gmt":"2023-12-22T15:38:45","slug":"une-coincidence-lourde-de-consequences","status":"publish","type":"post","link":"https:\/\/grenierdecourbevoie.fr\/index.php\/2022\/11\/07\/une-coincidence-lourde-de-consequences\/","title":{"rendered":"Une co\u00efncidence lourde de cons\u00e9quences"},"content":{"rendered":"\n<p class=\"wp-block-paragraph\">Lors des ann\u00e9es 80 tous les jeunes voulaient apprendre \u00e0 danser le rock. Alors ils s\u2019inscrivaient \u00e0 des cours de rock car c\u2019\u00e9tait la mani\u00e8re la plus efficace de s\u2019entra\u00eener. Mon p\u00e8re et ma m\u00e8re se sont rencontr\u00e9s pour la premi\u00e8re fois \u00e0 un cours de rock \u00e0 Paris. Ils \u00e9taient au d\u00e9but de simples partenaires puis ils sont devenus amis au cours du temps. Ils venaient tous les deux de commencer \u00e0 travailler. Ma m\u00e8re \u00e9tait dipl\u00f4m\u00e9e opticienne, elle travaillait donc dans un magasin de lunettes. Quant \u00e0 mon p\u00e8re il \u00e9tait dipl\u00f4m\u00e9 en informatique et travaillait dans une boite appel\u00e9e Safig.<\/p>\n\n\n\n<p class=\"wp-block-paragraph\">A l\u2019approche des vacances de f\u00e9vrier mon p\u00e8re avait organis\u00e9 avec ses amis un s\u00e9jour dans une station de ski. Ma m\u00e8re et ses amies avaient aussi pr\u00e9vu de partir ensemble en vacances mais ma m\u00e8re avait d\u00fb annuler car son patron ne lui avait pas donn\u00e9 de vacances. Quel ordure ce patron\u00a0! Les deux amis avaient bien \u00e9videment \u00e9chang\u00e9 sur leurs vacances, mais mon p\u00e8re ne s\u2019\u00e9tait pas \u00e9tal\u00e9 sur les siennes par respect pour ma m\u00e8re qui elle n\u2019avait pas de vacances.<\/p>\n\n\n\n<p class=\"wp-block-paragraph\">Deux jours avant le d\u00e9but des vacances ma m\u00e8re a re\u00e7u un appel de son patron qui l\u2019informait qu\u2019elle pouvait prendre une semaine de vacances. Ma m\u00e8re \u00e9tait furieuse\u00a0! Elle avait d\u00fb annuler son s\u00e9jour avec ses amies parce qu\u2019elle croyait ne pas avoir de vacances mais finalement il l\u2019a pr\u00e9venu \u00e0 la derni\u00e8re minute qu\u2019elle pouvait prendre sa semaine. Il \u00e9tait donc trop tard pour qu\u2019elle r\u00e9organise ses vacances. Mais elle voulait vraiment changer d\u2019air, elle avait vraiment besoin de partir pendant ces vacances. Heureusement ses parents avaient un petit studio \u00e0 La Plagne\u00a0: une station de sports d\u2019hiver situ\u00e9e dans les Alpes. Elle leur demanda si le studio \u00e9tait lou\u00e9 cette semaine. La r\u00e9ponse fut n\u00e9gative. Alors sans r\u00e9fl\u00e9chir elle acheta son billet de train, pr\u00e9para sa valise et partit toute seule. Une fois arriv\u00e9e, elle \u00e9tait tr\u00e8s heureuse d\u2019avoir pu partir en vacances mais elle \u00e9tait aussi d\u00e9\u00e7ue car elle \u00e9tait toute seule\u2026 <\/p>\n\n\n\n<p class=\"wp-block-paragraph\">Heureusement cette situation fut de courte dur\u00e9e car lorsqu\u2019elle sortit dehors pour aller faire ses courses elle aper\u00e7ut un groupe de gar\u00e7ons qui marchaient dans sa direction. Ils \u00e9taient enti\u00e8rement \u00e9quip\u00e9s pour aller faire du ski. Lorsqu\u2019elle arriva \u00e0 leur niveau elle entendit \u00ab\u00a0Anne-Sophie\u00a0? Mais qu\u2019est-ce que tu fais l\u00e0\u00a0?\u00a0\u00bb. Elle reconnut instantan\u00e9ment la voix de son partenaire de danse\u00a0: Patrice. Quelle co\u00efncidence\u00a0! La station de ski qu\u2019il avait choisie avec ses amis \u00e9tait la Plagne, la seule station o\u00f9 mes grands-parents avaient un studio.\u00a0<\/p>\n\n\n\n<p class=\"wp-block-paragraph\">Je ne connais pas la suite de l\u2019histoire pourtant ce n\u2019est pas faute d\u2019avoir demand\u00e9. La seule r\u00e9ponse que j\u2019ai r\u00e9ussie \u00e0 obtenir est&nbsp;: \u00ab Ensuite c\u2019est la magie de l\u2019amour qui op\u00e9ra ma fille, tu comprendras plus tard&nbsp;\u00bb. Tout ce que je retiens de cette histoire est que sans ce m\u00e9chant patron, ma m\u00e8re serait peut-\u00eatre pass\u00e9e \u00e0 c\u00f4t\u00e9 de l\u2019histoire de sa vie et donc mon fr\u00e8re et moi nous ne serons peut-\u00eatre pas l\u00e0 aujourd\u2019hui&#8230;<\/p>\n","protected":false},"excerpt":{"rendered":"<p>Lors des ann\u00e9es 80 tous les jeunes voulaient apprendre \u00e0 danser le rock. Alors ils s\u2019inscrivaient \u00e0 des cours de rock car c\u2019\u00e9tait la mani\u00e8re la plus efficace de s\u2019entra\u00eener. Mon p\u00e8re et ma&#46;&#46;&#46;<\/p>\n","protected":false},"author":1,"featured_media":0,"comment_status":"closed","ping_status":"closed","sticky":false,"template":"","format":"standard","meta":{"_crdt_document":"","footnotes":""},"categories":[6,29,12],"tags":[1210,668,551],"class_list":["post-1040","post","type-post","status-publish","format-standard","hentry","category-amour","category-musique","category-vacances-et-fetes","tag-danse","tag-rock","tag-ski"],"jetpack_featured_media_url":"","_links":{"self":[{"href":"https:\/\/grenierdecourbevoie.fr\/index.php\/wp-json\/wp\/v2\/posts\/1040","targetHints":{"allow":["GET"]}}],"collection":[{"href":"https:\/\/grenierdecourbevoie.fr\/index.php\/wp-json\/wp\/v2\/posts"}],"about":[{"href":"https:\/\/grenierdecourbevoie.fr\/index.php\/wp-json\/wp\/v2\/types\/post"}],"author":[{"embeddable":true,"href":"https:\/\/grenierdecourbevoie.fr\/index.php\/wp-json\/wp\/v2\/users\/1"}],"replies":[{"embeddable":true,"href":"https:\/\/grenierdecourbevoie.fr\/index.php\/wp-json\/wp\/v2\/comments?post=1040"}],"version-history":[{"count":2,"href":"https:\/\/grenierdecourbevoie.fr\/index.php\/wp-json\/wp\/v2\/posts\/1040\/revisions"}],"predecessor-version":[{"id":1234,"href":"https:\/\/grenierdecourbevoie.fr\/index.php\/wp-json\/wp\/v2\/posts\/1040\/revisions\/1234"}],"wp:attachment":[{"href":"https:\/\/grenierdecourbevoie.fr\/index.php\/wp-json\/wp\/v2\/media?parent=1040"}],"wp:term":[{"taxonomy":"category","embeddable":true,"href":"https:\/\/grenierdecourbevoie.fr\/index.php\/wp-json\/wp\/v2\/categories?post=1040"},{"taxonomy":"post_tag","embeddable":true,"href":"https:\/\/grenierdecourbevoie.fr\/index.php\/wp-json\/wp\/v2\/tags?post=1040"}],"curies":[{"name":"wp","href":"https:\/\/api.w.org\/{rel}","templated":true}]}}