{"id":1097,"date":"2022-11-07T11:44:14","date_gmt":"2022-11-07T10:44:14","guid":{"rendered":"http:\/\/grenierdecourbevoie.fr\/?p=1097"},"modified":"2022-11-07T11:44:15","modified_gmt":"2022-11-07T10:44:15","slug":"le-mystere-de-la-porte","status":"publish","type":"post","link":"https:\/\/grenierdecourbevoie.fr\/index.php\/2022\/11\/07\/le-mystere-de-la-porte\/","title":{"rendered":"Le myst\u00e8re de la porte"},"content":{"rendered":"\n<p class=\"wp-block-paragraph\">Mon arri\u00e8re-grand-p\u00e8re, David Bloch \u00e9tait vendeur de tissus \u00e0 Colmar en Alsace, alors territoire allemand depuis 1870.<\/p>\n\n\n\n<p class=\"wp-block-paragraph\">En 14-18, il avait combattu dans les forces allemandes en tant que caporal et \u00e0 la fin de la guerre, avait \u00e9t\u00e9 d\u00e9mobilis\u00e9 et \u00e9tait devenu fran\u00e7ais.<\/p>\n\n\n\n<p class=\"wp-block-paragraph\">Il eut ensuite deux fils Robert, et Jean, mon grand-p\u00e8re. Pendant la guerre 39-45, les troupes allemandes envahirent Colmar, et commenc\u00e8rent \u00e0 d\u00e9foncer les portes des maisons rue Stanislas, l\u00e0 o\u00f9 ils vivaient.<\/p>\n\n\n\n<p class=\"wp-block-paragraph\">Les soldats approchaient de la porte de leur maison et m\u00eame \u00e0 frapper dessus quand un officier cria &#8220;Non, pas celle-ci !&#8221; et \u00e0 ce moment-l\u00e0, les soldats repartirent.<\/p>\n\n\n\n<p class=\"wp-block-paragraph\">Personne n&#8217;a jamais su pourquoi cet officier allemand \u00e9tait intervenu.<\/p>\n","protected":false},"excerpt":{"rendered":"<p>Mon arri\u00e8re-grand-p\u00e8re, David Bloch \u00e9tait vendeur de tissus \u00e0 Colmar en Alsace, alors territoire allemand depuis 1870. En 14-18, il avait combattu dans les forces allemandes en tant que caporal et \u00e0 la fin de la guerre, avait \u00e9t\u00e9 d\u00e9mobilis\u00e9 et \u00e9tait devenu fran\u00e7ais. Il eut ensuite deux fils Robert, et Jean, mon grand-p\u00e8re. Pendant [&hellip;]<\/p>\n","protected":false},"author":1,"featured_media":0,"comment_status":"open","ping_status":"open","sticky":false,"template":"","format":"standard","meta":{"footnotes":""},"categories":[24],"tags":[273,1261,376,862],"class_list":["post-1097","post","type-post","status-publish","format-standard","hentry","category-guerre","tag-alsace","tag-colmar","tag-deuxieme-guerre-mondiale","tag-premiere-guerre-mondiale"],"jetpack_featured_media_url":"","_links":{"self":[{"href":"https:\/\/grenierdecourbevoie.fr\/index.php\/wp-json\/wp\/v2\/posts\/1097","targetHints":{"allow":["GET"]}}],"collection":[{"href":"https:\/\/grenierdecourbevoie.fr\/index.php\/wp-json\/wp\/v2\/posts"}],"about":[{"href":"https:\/\/grenierdecourbevoie.fr\/index.php\/wp-json\/wp\/v2\/types\/post"}],"author":[{"embeddable":true,"href":"https:\/\/grenierdecourbevoie.fr\/index.php\/wp-json\/wp\/v2\/users\/1"}],"replies":[{"embeddable":true,"href":"https:\/\/grenierdecourbevoie.fr\/index.php\/wp-json\/wp\/v2\/comments?post=1097"}],"version-history":[{"count":1,"href":"https:\/\/grenierdecourbevoie.fr\/index.php\/wp-json\/wp\/v2\/posts\/1097\/revisions"}],"predecessor-version":[{"id":1098,"href":"https:\/\/grenierdecourbevoie.fr\/index.php\/wp-json\/wp\/v2\/posts\/1097\/revisions\/1098"}],"wp:attachment":[{"href":"https:\/\/grenierdecourbevoie.fr\/index.php\/wp-json\/wp\/v2\/media?parent=1097"}],"wp:term":[{"taxonomy":"category","embeddable":true,"href":"https:\/\/grenierdecourbevoie.fr\/index.php\/wp-json\/wp\/v2\/categories?post=1097"},{"taxonomy":"post_tag","embeddable":true,"href":"https:\/\/grenierdecourbevoie.fr\/index.php\/wp-json\/wp\/v2\/tags?post=1097"}],"curies":[{"name":"wp","href":"https:\/\/api.w.org\/{rel}","templated":true}]}}