{"id":1101,"date":"2022-11-07T11:46:42","date_gmt":"2022-11-07T10:46:42","guid":{"rendered":"http:\/\/grenierdecourbevoie.fr\/?p=1101"},"modified":"2022-11-07T11:46:43","modified_gmt":"2022-11-07T10:46:43","slug":"une-buche-au-gout-dorange","status":"publish","type":"post","link":"https:\/\/grenierdecourbevoie.fr\/index.php\/2022\/11\/07\/une-buche-au-gout-dorange\/","title":{"rendered":"Une b\u00fbche au go\u00fbt d\u2019orange"},"content":{"rendered":"\n<p class=\"wp-block-paragraph\">Chaque ann\u00e9e, toute la famille se retrouve \u00e0 No\u00ebl pour faire le r\u00e9veillon du 24 d\u00e9cembre.<\/p>\n\n\n\n<p class=\"wp-block-paragraph\">Apr\u00e8s la traditionnelle ouverture des cadeaux, la famille passe \u00e0 table pour d\u00e9guster les nombreux plats pr\u00e9par\u00e9s et cette ann\u00e9e c\u2019est ma maman qui recevait.<\/p>\n\n\n\n<p class=\"wp-block-paragraph\">Arriv\u00e9s \u00e0 l\u2019\u00e9tape du dessert, traditionnellement un choix de b\u00fbches, les convives sont g\u00e9n\u00e9ralement rassasi\u00e9s et ne demandent qu\u2019une petite part.<\/p>\n\n\n\n<p class=\"wp-block-paragraph\">C\u2019est \u00e0 ce moment que, syst\u00e9matiquement, mon grand-p\u00e8re intervient et nous raconte son histoire&nbsp;: de son temps, il n\u2019avait pas ce probl\u00e8me de choix car il n\u2019avait en tout et pour tout qu\u2019une orange en guise de cadeau et de dessert. Il nous raconte que, lorsqu\u2019il \u00e9tait jeune, son p\u00e8re \u00e9tait parti tr\u00e8s t\u00f4t \u00e0 la guerre et que c\u2019\u00e9tait sa m\u00e8re qui s\u2019occupait de lui et de son fr\u00e8re et sa s\u0153ur. La famille n\u2019avait pas les moyens d\u2019avoir des cadeaux ni m\u00eame un bon repas. Chaque ann\u00e9e il r\u00e9p\u00e8te cette m\u00eame phrase \u201c profitez de ce moment en famille autour d\u2019un bon repas et de cadeaux car moi je sais que c\u2019est rare et pr\u00e9cieux\u201c<\/p>\n","protected":false},"excerpt":{"rendered":"<p>Chaque ann\u00e9e, toute la famille se retrouve \u00e0 No\u00ebl pour faire le r\u00e9veillon du 24 d\u00e9cembre. Apr\u00e8s la traditionnelle ouverture des cadeaux, la famille passe \u00e0 table pour d\u00e9guster les nombreux plats pr\u00e9par\u00e9s et&#46;&#46;&#46;<\/p>\n","protected":false},"author":1,"featured_media":0,"comment_status":"closed","ping_status":"closed","sticky":false,"template":"","format":"standard","meta":{"_crdt_document":"","footnotes":""},"categories":[8,12],"tags":[259,1149,176],"class_list":["post-1101","post","type-post","status-publish","format-standard","hentry","category-cuisine","category-vacances-et-fetes","tag-noel","tag-orange","tag-pauvrete"],"jetpack_featured_media_url":"","_links":{"self":[{"href":"https:\/\/grenierdecourbevoie.fr\/index.php\/wp-json\/wp\/v2\/posts\/1101","targetHints":{"allow":["GET"]}}],"collection":[{"href":"https:\/\/grenierdecourbevoie.fr\/index.php\/wp-json\/wp\/v2\/posts"}],"about":[{"href":"https:\/\/grenierdecourbevoie.fr\/index.php\/wp-json\/wp\/v2\/types\/post"}],"author":[{"embeddable":true,"href":"https:\/\/grenierdecourbevoie.fr\/index.php\/wp-json\/wp\/v2\/users\/1"}],"replies":[{"embeddable":true,"href":"https:\/\/grenierdecourbevoie.fr\/index.php\/wp-json\/wp\/v2\/comments?post=1101"}],"version-history":[{"count":1,"href":"https:\/\/grenierdecourbevoie.fr\/index.php\/wp-json\/wp\/v2\/posts\/1101\/revisions"}],"predecessor-version":[{"id":1102,"href":"https:\/\/grenierdecourbevoie.fr\/index.php\/wp-json\/wp\/v2\/posts\/1101\/revisions\/1102"}],"wp:attachment":[{"href":"https:\/\/grenierdecourbevoie.fr\/index.php\/wp-json\/wp\/v2\/media?parent=1101"}],"wp:term":[{"taxonomy":"category","embeddable":true,"href":"https:\/\/grenierdecourbevoie.fr\/index.php\/wp-json\/wp\/v2\/categories?post=1101"},{"taxonomy":"post_tag","embeddable":true,"href":"https:\/\/grenierdecourbevoie.fr\/index.php\/wp-json\/wp\/v2\/tags?post=1101"}],"curies":[{"name":"wp","href":"https:\/\/api.w.org\/{rel}","templated":true}]}}