{"id":1163,"date":"2023-05-06T15:52:10","date_gmt":"2023-05-06T13:52:10","guid":{"rendered":"https:\/\/grenierdecourbevoie.fr\/?p=1163"},"modified":"2023-05-06T15:56:33","modified_gmt":"2023-05-06T13:56:33","slug":"ma-rue-carle-hebert","status":"publish","type":"post","link":"https:\/\/grenierdecourbevoie.fr\/index.php\/2023\/05\/06\/ma-rue-carle-hebert\/","title":{"rendered":"Ma rue Carle H\u00e9bert"},"content":{"rendered":"\n<p class=\"wp-block-paragraph\">J\u2019habitais en haut de la rue Carle H\u00e9bert. Nous sommes venues habiter l\u00e0 avec ma m\u00e8re apr\u00e8s la guerre, j\u2019avais seize ans. Quand ma m\u00e8re a vu qu\u2019il commen\u00e7ait \u00e0 monter un immeuble en face de chez nous, elle m\u2019a dit \u00ab&nbsp;Oh&nbsp;! il va y avoir des d\u00e9g\u00e2ts. Ils sont en train de construire sur une source.&nbsp;\u00bb C\u2019\u00e9tait la rue des blanchisseries, alors forc\u00e9ment elles s\u2019\u00e9taient install\u00e9es pas loin d\u2019un point d\u2019eau. R\u00e9sultat&nbsp;: l\u2019entreprise a d\u00fb pomper nuit et jour.<\/p>\n\n\n\n<p class=\"wp-block-paragraph\">Un grand march\u00e9 allait de la place Charras \u00e0 la D\u00e9fense le long de l\u2019avenue Gambetta. Il y avait un camelot qui disait \u00e0 ma m\u00e8re \u00ab&nbsp;Viens par l\u00e0 que je te pique ton pognon&nbsp;!&nbsp;\u00bb Un jour, avec une amie, nous sommes all\u00e9es voir Gina Lollobrigida qui devait descendre les Champs Elys\u00e9es et on a vu arriver ce gars-l\u00e0, charg\u00e9 de fleurs pour elle. On est tous repartis sans la voir, mais on a bien rigol\u00e9. &nbsp;<\/p>\n\n\n\n<p class=\"wp-block-paragraph\">Je me souviens que les militaires de la caserne Charras me disaient bonjour en passant quand j\u2019\u00e9tais au balcon et l\u2019un d\u2019entre eux venait m\u00eame me donner l\u2019aubade r\u00e9guli\u00e8rement avec sa trompette&nbsp;! Juste avant un 14 juillet, j\u2019ai crois\u00e9 des spahis qui \u00e9taient stationn\u00e9s l\u00e0 pour le d\u00e9fil\u00e9. Ils \u00e9taient tellement beaux avec leurs uniformes. Et puis, la caserne a \u00e9t\u00e9 d\u00e9truite.<\/p>\n\n\n\n<p class=\"wp-block-paragraph\">Je peux dire que j\u2019ai vu le premier accident de voiture du nouveau quartier de La D\u00e9fense. Un pauvre type revenait chez lui en v\u00e9lo et plusieurs voitures lui sont pass\u00e9es dessus. Ma m\u00e8re ne voulait pas que je descende, mais j\u2019y suis all\u00e9e quand m\u00eame.<\/p>\n\n\n\n<p class=\"wp-block-paragraph\">J\u2019ai vu aussi tourner <em>Le Chat<\/em> avec Gabin et Signoret pas loin de chez moi.<\/p>\n\n\n\n<p class=\"wp-block-paragraph\">On entendait aussi Michel Delpech chanter. Il habitait \u00e0 Courbevoie et enregistrait dans le coin. Il y avait aussi le pavillon d\u2019une dame qui s\u2019appelait Lorette, c\u2019est comme \u00e7a qu\u2019il a \u00e9crit sa chanson.<\/p>\n","protected":false},"excerpt":{"rendered":"<p>J\u2019habitais en haut de la rue Carle H\u00e9bert. Nous sommes venues habiter l\u00e0 avec ma m\u00e8re apr\u00e8s la guerre, j\u2019avais seize ans. Quand ma m\u00e8re a vu qu\u2019il commen\u00e7ait \u00e0 monter un immeuble en&#46;&#46;&#46;<\/p>\n","protected":false},"author":1,"featured_media":0,"comment_status":"open","ping_status":"open","sticky":false,"template":"","format":"standard","meta":{"_crdt_document":"","footnotes":""},"categories":[9,29,27],"tags":[1292,1281,1298,1296,616,1294,1299,1297,1293,1295,1291],"class_list":["post-1163","post","type-post","status-publish","format-standard","hentry","category-enfance","category-musique","category-sports-et-spectacles","tag-14-juillet","tag-blanchisserie","tag-carle-hebert","tag-charras","tag-chat","tag-gabin","tag-gina-lollobrigida","tag-la-defense","tag-michel-delpech","tag-signoret","tag-spahi"],"jetpack_featured_media_url":"","_links":{"self":[{"href":"https:\/\/grenierdecourbevoie.fr\/index.php\/wp-json\/wp\/v2\/posts\/1163","targetHints":{"allow":["GET"]}}],"collection":[{"href":"https:\/\/grenierdecourbevoie.fr\/index.php\/wp-json\/wp\/v2\/posts"}],"about":[{"href":"https:\/\/grenierdecourbevoie.fr\/index.php\/wp-json\/wp\/v2\/types\/post"}],"author":[{"embeddable":true,"href":"https:\/\/grenierdecourbevoie.fr\/index.php\/wp-json\/wp\/v2\/users\/1"}],"replies":[{"embeddable":true,"href":"https:\/\/grenierdecourbevoie.fr\/index.php\/wp-json\/wp\/v2\/comments?post=1163"}],"version-history":[{"count":4,"href":"https:\/\/grenierdecourbevoie.fr\/index.php\/wp-json\/wp\/v2\/posts\/1163\/revisions"}],"predecessor-version":[{"id":1169,"href":"https:\/\/grenierdecourbevoie.fr\/index.php\/wp-json\/wp\/v2\/posts\/1163\/revisions\/1169"}],"wp:attachment":[{"href":"https:\/\/grenierdecourbevoie.fr\/index.php\/wp-json\/wp\/v2\/media?parent=1163"}],"wp:term":[{"taxonomy":"category","embeddable":true,"href":"https:\/\/grenierdecourbevoie.fr\/index.php\/wp-json\/wp\/v2\/categories?post=1163"},{"taxonomy":"post_tag","embeddable":true,"href":"https:\/\/grenierdecourbevoie.fr\/index.php\/wp-json\/wp\/v2\/tags?post=1163"}],"curies":[{"name":"wp","href":"https:\/\/api.w.org\/{rel}","templated":true}]}}