{"id":117,"date":"2022-10-15T16:21:27","date_gmt":"2022-10-15T14:21:27","guid":{"rendered":"http:\/\/grenierdecourbevoie.fr\/?p=117"},"modified":"2022-10-15T16:21:27","modified_gmt":"2022-10-15T14:21:27","slug":"la-petite-chevre-de-nice","status":"publish","type":"post","link":"https:\/\/grenierdecourbevoie.fr\/index.php\/2022\/10\/15\/la-petite-chevre-de-nice\/","title":{"rendered":"La petite ch\u00e8vre de Nice"},"content":{"rendered":"\n<p class=\"wp-block-paragraph\">Ma m\u00e8re me racontait qu\u2019en 1944, quand elle avait douze, ans elle avait vu les Allemands pendre deux r\u00e9sistants sur la Place Massena \u00e0 Nice.<\/p>\n\n\n\n<p class=\"wp-block-paragraph\">Peu de temps apr\u00e8s, la r\u00e9sistance est descendue des maquis pour lib\u00e9rer Nice. \u00c7a tirait de partout et le souvenir qui l\u2019a marqu\u00e9e le plus, c\u2019\u00e9tait d\u2019avoir vu un jeune Allemand qui se trouvait l\u00e0 avec sa ch\u00e8vre essayer de s\u2019abriter des tirs au coin d\u2019une rue pour se prot\u00e9ger sa ch\u00e8vre et lui.<\/p>\n","protected":false},"excerpt":{"rendered":"<p>Ma m\u00e8re me racontait qu\u2019en 1944, quand elle avait douze, ans elle avait vu les Allemands pendre deux r\u00e9sistants sur la Place Massena \u00e0 Nice. Peu de temps apr\u00e8s, la r\u00e9sistance est descendue des&#46;&#46;&#46;<\/p>\n","protected":false},"author":1,"featured_media":0,"comment_status":"open","ping_status":"open","sticky":false,"template":"","format":"standard","meta":{"_crdt_document":"","footnotes":""},"categories":[10,24],"tags":[73,74,70,17,44,71,75,76],"class_list":["post-117","post","type-post","status-publish","format-standard","hentry","category-animaux","category-guerre","tag-73","tag-allemand","tag-chevre","tag-guerre","tag-liberation","tag-nice","tag-place-massena","tag-resistance"],"jetpack_featured_media_url":"","_links":{"self":[{"href":"https:\/\/grenierdecourbevoie.fr\/index.php\/wp-json\/wp\/v2\/posts\/117","targetHints":{"allow":["GET"]}}],"collection":[{"href":"https:\/\/grenierdecourbevoie.fr\/index.php\/wp-json\/wp\/v2\/posts"}],"about":[{"href":"https:\/\/grenierdecourbevoie.fr\/index.php\/wp-json\/wp\/v2\/types\/post"}],"author":[{"embeddable":true,"href":"https:\/\/grenierdecourbevoie.fr\/index.php\/wp-json\/wp\/v2\/users\/1"}],"replies":[{"embeddable":true,"href":"https:\/\/grenierdecourbevoie.fr\/index.php\/wp-json\/wp\/v2\/comments?post=117"}],"version-history":[{"count":1,"href":"https:\/\/grenierdecourbevoie.fr\/index.php\/wp-json\/wp\/v2\/posts\/117\/revisions"}],"predecessor-version":[{"id":118,"href":"https:\/\/grenierdecourbevoie.fr\/index.php\/wp-json\/wp\/v2\/posts\/117\/revisions\/118"}],"wp:attachment":[{"href":"https:\/\/grenierdecourbevoie.fr\/index.php\/wp-json\/wp\/v2\/media?parent=117"}],"wp:term":[{"taxonomy":"category","embeddable":true,"href":"https:\/\/grenierdecourbevoie.fr\/index.php\/wp-json\/wp\/v2\/categories?post=117"},{"taxonomy":"post_tag","embeddable":true,"href":"https:\/\/grenierdecourbevoie.fr\/index.php\/wp-json\/wp\/v2\/tags?post=117"}],"curies":[{"name":"wp","href":"https:\/\/api.w.org\/{rel}","templated":true}]}}