{"id":1174,"date":"2023-07-02T10:39:43","date_gmt":"2023-07-02T08:39:43","guid":{"rendered":"https:\/\/grenierdecourbevoie.fr\/?p=1174"},"modified":"2023-07-02T10:39:44","modified_gmt":"2023-07-02T08:39:44","slug":"la-memoire-dangela","status":"publish","type":"post","link":"https:\/\/grenierdecourbevoie.fr\/index.php\/2023\/07\/02\/la-memoire-dangela\/","title":{"rendered":"La m\u00e9moire d\u2019Angela"},"content":{"rendered":"\n<p class=\"wp-block-paragraph\">C\u2019est l\u2019histoire tragique de la derni\u00e8re fille de mes arri\u00e8re-grands-parents paternels.<\/p>\n\n\n\n<p class=\"wp-block-paragraph\">Leur famille vivait \u00e0 l\u2019\u00e9poque dans la campagne portugaise, une campagne qui menait la vie rude \u00e0 ses habitants, dans un petit village nomm\u00e9 Posada.<\/p>\n\n\n\n<p class=\"wp-block-paragraph\">Virginia et Roman avaient sept enfants : Gloria, Sa\u00f4 ma grand-m\u00e8re, Jaime, Fernanda, Isaac, Mario et la petite derni\u00e8re, Angela.<\/p>\n\n\n\n<p class=\"wp-block-paragraph\">Dans cette campagne et \u00e0 cette \u00e9poque-l\u00e0, pendant que les parents travaillaient aux champs pour les r\u00e9coltes, les a\u00een\u00e9s des enfants \u00e9taient charg\u00e9s de s\u2019occuper des plus jeunes. Ce jour- l\u00e0, mes arri\u00e8re-grands-parents \u00e9taient partis trimer dans les champs et les enfants \u00e9taient rest\u00e9s \u00e0 la maison qui \u00e9tait chauff\u00e9e par un feu allum\u00e9 \u00e0 m\u00eame le sol.<\/p>\n\n\n\n<p class=\"wp-block-paragraph\">Chacun vaquait \u00e0 ses occupations et la petite, \u00e2g\u00e9e de deux ans, jouait avec sa petite poup\u00e9e de chiffon. Que s\u2019est-il pass\u00e9 ? Angela avait-elle laiss\u00e9 tomber sa poup\u00e9e dans le feu et avait-elle voulu la r\u00e9cup\u00e9rer ? A-t-elle tr\u00e9buch\u00e9 \u00e0 ce moment-l\u00e0 ? Elle est tomb\u00e9e dans le feu.<\/p>\n\n\n\n<p class=\"wp-block-paragraph\">Attir\u00e9s par ses cris, les a\u00een\u00e9s se pr\u00e9cipit\u00e8rent pour la sauver des flammes et l\u2019envelopper d\u2019une couverture et un des fr\u00e8res courut pr\u00e9venir leurs parents.<\/p>\n\n\n\n<p class=\"wp-block-paragraph\">De retour chez lui et devant l\u2019urgence de la situation, mon arri\u00e8re-p\u00e8re, Roman partit, sa petite fille dans les bras, demander de l\u2019aide \u00e0 la famille la plus riche du village qui poss\u00e9dait une voiture. Il fallait absolument emmener l\u2019enfant \u00e0 l\u2019h\u00f4pital de Porto pour la soigner. Mais, ils refus\u00e8rent. D\u00e9sesp\u00e9r\u00e9 mon arri\u00e8re-grand p\u00e8re d\u00e9cida de partir \u00e0 pied. Apr\u00e8s treize heures de marche, arriv\u00e9 \u00e0 l\u2019h\u00f4pital le m\u00e9decin qui accueillit p\u00e8re et enfant ne put que constater le d\u00e9c\u00e8s de la petite. Mon arri\u00e8re-grand-p\u00e8re fit donc le chemin du retour, la petite toujours dans ses bras afin de l\u2019enterrer au village.<\/p>\n\n\n\n<p class=\"wp-block-paragraph\">Toute ma famille fut marqu\u00e9e \u00e0 vie. Et l\u2019histoire de ce drame se transmet depuis lors et il nous est transmis afin que la m\u00e9moire de cette toute petite fille continue de vivre.<\/p>\n","protected":false},"excerpt":{"rendered":"<p>C\u2019est l\u2019histoire tragique de la derni\u00e8re fille de mes arri\u00e8re-grands-parents paternels. Leur famille vivait \u00e0 l\u2019\u00e9poque dans la campagne portugaise, une campagne qui menait la vie rude \u00e0 ses habitants, dans un petit village&#46;&#46;&#46;<\/p>\n","protected":false},"author":1,"featured_media":0,"comment_status":"open","ping_status":"open","sticky":false,"template":"","format":"standard","meta":{"_crdt_document":"","footnotes":""},"categories":[15,9,13],"tags":[744,258,176,582,232],"class_list":["post-1174","post","type-post","status-publish","format-standard","hentry","category-accidents","category-enfance","category-traditions-et-legendes","tag-campagne","tag-feu","tag-pauvrete","tag-portugal","tag-poupee"],"jetpack_featured_media_url":"","_links":{"self":[{"href":"https:\/\/grenierdecourbevoie.fr\/index.php\/wp-json\/wp\/v2\/posts\/1174","targetHints":{"allow":["GET"]}}],"collection":[{"href":"https:\/\/grenierdecourbevoie.fr\/index.php\/wp-json\/wp\/v2\/posts"}],"about":[{"href":"https:\/\/grenierdecourbevoie.fr\/index.php\/wp-json\/wp\/v2\/types\/post"}],"author":[{"embeddable":true,"href":"https:\/\/grenierdecourbevoie.fr\/index.php\/wp-json\/wp\/v2\/users\/1"}],"replies":[{"embeddable":true,"href":"https:\/\/grenierdecourbevoie.fr\/index.php\/wp-json\/wp\/v2\/comments?post=1174"}],"version-history":[{"count":1,"href":"https:\/\/grenierdecourbevoie.fr\/index.php\/wp-json\/wp\/v2\/posts\/1174\/revisions"}],"predecessor-version":[{"id":1175,"href":"https:\/\/grenierdecourbevoie.fr\/index.php\/wp-json\/wp\/v2\/posts\/1174\/revisions\/1175"}],"wp:attachment":[{"href":"https:\/\/grenierdecourbevoie.fr\/index.php\/wp-json\/wp\/v2\/media?parent=1174"}],"wp:term":[{"taxonomy":"category","embeddable":true,"href":"https:\/\/grenierdecourbevoie.fr\/index.php\/wp-json\/wp\/v2\/categories?post=1174"},{"taxonomy":"post_tag","embeddable":true,"href":"https:\/\/grenierdecourbevoie.fr\/index.php\/wp-json\/wp\/v2\/tags?post=1174"}],"curies":[{"name":"wp","href":"https:\/\/api.w.org\/{rel}","templated":true}]}}