{"id":119,"date":"2022-10-15T16:24:58","date_gmt":"2022-10-15T14:24:58","guid":{"rendered":"http:\/\/grenierdecourbevoie.fr\/?p=119"},"modified":"2022-10-15T16:24:59","modified_gmt":"2022-10-15T14:24:59","slug":"jeanne-et-les-rebelles","status":"publish","type":"post","link":"https:\/\/grenierdecourbevoie.fr\/index.php\/2022\/10\/15\/jeanne-et-les-rebelles\/","title":{"rendered":"Jeanne et les rebelles"},"content":{"rendered":"\n<p class=\"wp-block-paragraph\">L&#8217;histoire que nous adorons raconter en famille est celle de la rencontre de mes grands-parents.<\/p>\n\n\n\n<p class=\"wp-block-paragraph\">Henri \u00e9tait un jeune cheminot du PLM (le Paris-Lyon-Marseille d&#8217;avant la SNCF) et un militant&nbsp;socialiste venu de Lons le Saunier dans le Jura. Pendant la premi\u00e8re guerre mondiale, il \u00e9tait devenu soldat et se battait sur le front de la Marne.<\/p>\n\n\n\n<p class=\"wp-block-paragraph\">Lors d&#8217;une permission, il rencontra Jeanne dans les rues de Provins et ils tomb\u00e8rent amoureux.<\/p>\n\n\n\n<p class=\"wp-block-paragraph\">De retour au combat, il fit partie des fortes t\u00eates qui refus\u00e8rent&nbsp;de monter \u00e0 l&#8217;assaut. Consid\u00e9r\u00e9 comme mutin, il fut condamn\u00e9 au peloton d&#8217;ex\u00e9cution.<\/p>\n\n\n\n<p class=\"wp-block-paragraph\">Jeanne alla &#8220;pleurer dans les gu\u00eatres&#8221; de son fr\u00e8re Antonin, un jeune et brillant officier, afin qu&#8217;il intervienne. Antonin, qui \u00e9tait le camarade de promotion d&#8217;un certain Charles de Gaulle \u00e0 Saint-Cyr, ne connaissait pas encore Henri, mais il finit par c\u00e9der aux supplications de sa s\u0153ur.<\/p>\n\n\n\n<p class=\"wp-block-paragraph\">Antonin se rendit \u00e0 l\u2019\u00e9tat-major et r\u00e9ussit \u00e0 subtiliser le dossier d\u2019Henri qui r\u00e9chappa ainsi \u00e0 l\u2019ex\u00e9cution apr\u00e8s d\u2019\u00e2pres n\u00e9gociations.<\/p>\n\n\n\n<p class=\"wp-block-paragraph\">En 1919, Jeanne et Henri se mari\u00e8rent et mon p\u00e8re naquit deux ans plus tard.<\/p>\n\n\n\n<p class=\"wp-block-paragraph\">Pendant la deuxi\u00e8me guerre mondiale, mon grand-p\u00e8re \u00e9tait maquisard communiste FTP alors que mon p\u00e8re \u00e9tait maquisard gaulliste FFI.<\/p>\n\n\n\n<p class=\"wp-block-paragraph\">Antonin lui vira \u00e0 l\u2019extr\u00eame droite et rejoignit les Croix de Feu. Il se retrouva \u00e0 cheval sabre au clair devant l\u2019Assembl\u00e9e nationale en f\u00e9vrier 1934. Sa carri\u00e8re avait pourtant \u00e9t\u00e9 brillante et il avait m\u00eame n\u00e9goci\u00e9 avec Lawrence d\u2019Arabie et le fondateur de l\u2019Arabie Saoudite, Ibn Saoud, lors du partage du Moyen-Orient apr\u00e8s la premi\u00e8re guerre mondiale. Son activit\u00e9 politique mit visiblement un frein \u00e0 sa promotion et ne lui permit pas d&#8217;avoir ses \u00e9toiles de g\u00e9n\u00e9ral, il fut quand m\u00eame promu colonel et chevalier de la l\u00e9gion d&#8217;honneur et chevalier de l&#8217;ordre du c\u00e8dre par les autorit\u00e9s libanaises.<\/p>\n\n\n\n<p class=\"wp-block-paragraph\">Quand j\u2019avais une dizaine d\u2019ann\u00e9es, les discussions entre les deux vieux beaux-fr\u00e8res \u00e9taient hom\u00e9riques, mais ce qui \u00e9tait excitant pour nous les enfants, c\u2019\u00e9tait de porter son k\u00e9pi \u00e0 cinq barrettes et de jouer dans une tente jaune qu\u2019il avait rapport\u00e9e de ses voyages. Pour nous, c\u2019\u00e9tait la tente de Lawrence d\u2019Arabie.<\/p>\n","protected":false},"excerpt":{"rendered":"<p>L&#8217;histoire que nous adorons raconter en famille est celle de la rencontre de mes grands-parents. Henri \u00e9tait un jeune cheminot du PLM (le Paris-Lyon-Marseille d&#8217;avant la SNCF) et un militant&nbsp;socialiste venu de Lons le&#46;&#46;&#46;<\/p>\n","protected":false},"author":1,"featured_media":0,"comment_status":"open","ping_status":"open","sticky":false,"template":"","format":"standard","meta":{"_crdt_document":"","footnotes":""},"categories":[6,24],"tags":[81,84,88,80,77,87,89,83,78,82,90,86,79,85],"class_list":["post-119","post","type-post","status-publish","format-standard","hentry","category-amour","category-guerre","tag-arabie-saoudite","tag-communiste","tag-condamne","tag-croix-de-feu","tag-de-gaulle","tag-execution","tag-ffi","tag-ftp","tag-lawrence-darabie","tag-liban","tag-moyen-orient","tag-mutin","tag-saint-cyr","tag-socialiste"],"jetpack_featured_media_url":"","_links":{"self":[{"href":"https:\/\/grenierdecourbevoie.fr\/index.php\/wp-json\/wp\/v2\/posts\/119","targetHints":{"allow":["GET"]}}],"collection":[{"href":"https:\/\/grenierdecourbevoie.fr\/index.php\/wp-json\/wp\/v2\/posts"}],"about":[{"href":"https:\/\/grenierdecourbevoie.fr\/index.php\/wp-json\/wp\/v2\/types\/post"}],"author":[{"embeddable":true,"href":"https:\/\/grenierdecourbevoie.fr\/index.php\/wp-json\/wp\/v2\/users\/1"}],"replies":[{"embeddable":true,"href":"https:\/\/grenierdecourbevoie.fr\/index.php\/wp-json\/wp\/v2\/comments?post=119"}],"version-history":[{"count":1,"href":"https:\/\/grenierdecourbevoie.fr\/index.php\/wp-json\/wp\/v2\/posts\/119\/revisions"}],"predecessor-version":[{"id":120,"href":"https:\/\/grenierdecourbevoie.fr\/index.php\/wp-json\/wp\/v2\/posts\/119\/revisions\/120"}],"wp:attachment":[{"href":"https:\/\/grenierdecourbevoie.fr\/index.php\/wp-json\/wp\/v2\/media?parent=119"}],"wp:term":[{"taxonomy":"category","embeddable":true,"href":"https:\/\/grenierdecourbevoie.fr\/index.php\/wp-json\/wp\/v2\/categories?post=119"},{"taxonomy":"post_tag","embeddable":true,"href":"https:\/\/grenierdecourbevoie.fr\/index.php\/wp-json\/wp\/v2\/tags?post=119"}],"curies":[{"name":"wp","href":"https:\/\/api.w.org\/{rel}","templated":true}]}}