{"id":1198,"date":"2023-12-06T11:53:59","date_gmt":"2023-12-06T10:53:59","guid":{"rendered":"https:\/\/grenierdecourbevoie.fr\/?p=1198"},"modified":"2023-12-06T11:54:24","modified_gmt":"2023-12-06T10:54:24","slug":"la-memoire-des-souffrances","status":"publish","type":"post","link":"https:\/\/grenierdecourbevoie.fr\/index.php\/2023\/12\/06\/la-memoire-des-souffrances\/","title":{"rendered":"La m\u00e9moire des souffrances"},"content":{"rendered":"\n<p class=\"wp-block-paragraph\">C\u2019\u00e9tait vers 1991, mon oncle a voulu se rendre dans le Artzakh (l\u2019enclave arm\u00e9nienne du Haut-Karabakh). Il voulait \u00eatre pr\u00e9sent pour d\u00e9fendre la r\u00e9gion alors que la tension commen\u00e7ait \u00e0 monter avec l\u2019Azerba\u00efdjan.<br>Il est parti de Erevan et mes grands-parents l\u2019ont rejoint en nous emmenant aussi ma s\u0153ur et moi, s\u00fbrement pour les vacances. Nous \u00e9tions encore enfants et nous ne nous rendions pas compte des \u00e9v\u00e9nements. Quand la guerre a \u00e9clat\u00e9, ma m\u00e8re qui \u00e9tait rest\u00e9e \u00e0 Erevan \u00e9tait tr\u00e8s inqui\u00e8te car elle n\u2019avait pas de nouvelles de nous. Je ne sais pas comment mais ils ont r\u00e9ussi \u00e0 nous rapatrier par avion \u00e0 Erevan.<br>C\u2019est \u00e0 notre retour que nous avons appris que mon grand-p\u00e8re avait \u00e9t\u00e9 arr\u00eat\u00e9 par les Az\u00e9ris et emmen\u00e9 comme otage. Ce qui est \u00e9tonnant, c\u2019est que ce sont des soldats russes, qui nous d\u00e9fendaient habituellement qui l\u2019ont arr\u00eat\u00e9 et remis aux mains des Az\u00e9ris. Mon grand-p\u00e8re a \u00e9t\u00e9 intern\u00e9 avec beaucoup d\u2019autres otages. Il a \u00e9t\u00e9 tortur\u00e9, \u00e9bouillant\u00e9, asperg\u00e9 d\u2019eau roide et ils le frappaient parce que mon grand-p\u00e8re refusait d\u2019arracher les moustaches ou les cheveux des autres d\u00e9tenus. Cela a dur\u00e9 un mois, puis il a \u00e9t\u00e9 \u00e9chang\u00e9 contre des prisonniers az\u00e9ris.<br>A sa sortie de prison, il \u00e9tait tr\u00e8s amaigri et ne pouvait pas tenir debout. Ma grand-m\u00e8re pensait qu\u2019il allait mourir, mais il a r\u00e9ussi \u00e0 se r\u00e9tablir. Il a v\u00e9cu encore vingt ans et nous a racont\u00e9 toutes les atrocit\u00e9s qu\u2019il avait subies.<\/p>\n","protected":false},"excerpt":{"rendered":"<p>C\u2019\u00e9tait vers 1991, mon oncle a voulu se rendre dans le Artzakh (l\u2019enclave arm\u00e9nienne du Haut-Karabakh). Il voulait \u00eatre pr\u00e9sent pour d\u00e9fendre la r\u00e9gion alors que la tension commen\u00e7ait \u00e0 monter avec l\u2019Azerba\u00efdjan.Il est&#46;&#46;&#46;<\/p>\n","protected":false},"author":1,"featured_media":0,"comment_status":"open","ping_status":"open","sticky":false,"template":"","format":"standard","meta":{"_crdt_document":"","footnotes":""},"categories":[9,24],"tags":[1331,1330,1332,1329,310],"class_list":["post-1198","post","type-post","status-publish","format-standard","hentry","category-enfance","category-guerre","tag-armenie","tag-artzakh","tag-azerbaidjan","tag-haut-karabakh","tag-torture"],"jetpack_featured_media_url":"","_links":{"self":[{"href":"https:\/\/grenierdecourbevoie.fr\/index.php\/wp-json\/wp\/v2\/posts\/1198","targetHints":{"allow":["GET"]}}],"collection":[{"href":"https:\/\/grenierdecourbevoie.fr\/index.php\/wp-json\/wp\/v2\/posts"}],"about":[{"href":"https:\/\/grenierdecourbevoie.fr\/index.php\/wp-json\/wp\/v2\/types\/post"}],"author":[{"embeddable":true,"href":"https:\/\/grenierdecourbevoie.fr\/index.php\/wp-json\/wp\/v2\/users\/1"}],"replies":[{"embeddable":true,"href":"https:\/\/grenierdecourbevoie.fr\/index.php\/wp-json\/wp\/v2\/comments?post=1198"}],"version-history":[{"count":2,"href":"https:\/\/grenierdecourbevoie.fr\/index.php\/wp-json\/wp\/v2\/posts\/1198\/revisions"}],"predecessor-version":[{"id":1200,"href":"https:\/\/grenierdecourbevoie.fr\/index.php\/wp-json\/wp\/v2\/posts\/1198\/revisions\/1200"}],"wp:attachment":[{"href":"https:\/\/grenierdecourbevoie.fr\/index.php\/wp-json\/wp\/v2\/media?parent=1198"}],"wp:term":[{"taxonomy":"category","embeddable":true,"href":"https:\/\/grenierdecourbevoie.fr\/index.php\/wp-json\/wp\/v2\/categories?post=1198"},{"taxonomy":"post_tag","embeddable":true,"href":"https:\/\/grenierdecourbevoie.fr\/index.php\/wp-json\/wp\/v2\/tags?post=1198"}],"curies":[{"name":"wp","href":"https:\/\/api.w.org\/{rel}","templated":true}]}}