{"id":123,"date":"2022-10-15T16:29:24","date_gmt":"2022-10-15T14:29:24","guid":{"rendered":"http:\/\/grenierdecourbevoie.fr\/?p=123"},"modified":"2022-10-15T16:29:24","modified_gmt":"2022-10-15T14:29:24","slug":"blondes-fatales","status":"publish","type":"post","link":"https:\/\/grenierdecourbevoie.fr\/index.php\/2022\/10\/15\/blondes-fatales\/","title":{"rendered":"Blondes fatales"},"content":{"rendered":"\n<p class=\"wp-block-paragraph\">En 1940, pendant que mon grand-p\u00e8re tentait d\u2019\u00e9chapper \u00e0 l\u2019offensive allemande, ma grand-m\u00e8re partit sur les routes de l\u2019exode avec sa petite fille de cinq ans et des jumelles nouveau-n\u00e9es (ma m\u00e8re et ma tante). Le docteur lui avait cach\u00e9 qu\u2019elle attendait deux enfants pour ne pas l\u2019inqui\u00e9ter et c\u2019est en accouchant qu\u2019elle a eu la surprise.<\/p>\n\n\n\n<p class=\"wp-block-paragraph\">Son mari ignorait donc tout de la situation et il fallut le pr\u00e9venir par t\u00e9l\u00e9gramme. Le voisin qui avait le souci de faire \u00e9conomiser des mots, donc de l\u2019argent sur le message envoya simplement \u00ab&nbsp;filles en bonne sant\u00e9&nbsp;\u00bb et mon grand-p\u00e8re se posa longtemps la question de savoir s\u2019il s\u2019agissait d\u2019une faute d\u2019orthographe ou s\u2019il \u00e9tait p\u00e8re d\u2019un nombre inconnu de filles. &nbsp;<\/p>\n\n\n\n<p class=\"wp-block-paragraph\">Au bout de leur fuite, elles arriv\u00e8rent \u00e0 Bernay en Normandie presqu\u2019en m\u00eame temps que la garnison allemande.<\/p>\n\n\n\n<p class=\"wp-block-paragraph\">Il \u00e9tait tr\u00e8s difficile de se procurer du lait pour b\u00e9b\u00e9s car tout manquait. Il se trouvait que la fillette de cinq ans et les jumelles \u00e9tait de ravissantes blondes aux yeux bleus. Tr\u00e8s rapidement, les Allemands en proie au mal du pays les adopt\u00e8rent et elles devinrent les mascottes du r\u00e9giment, ce qui fut, pour ma grand-m\u00e8re la source de beaucoup d\u2019embarras.<\/p>\n\n\n\n<p class=\"wp-block-paragraph\">La situation se compliqua davantage quand l\u2019officier responsable tomba amoureux d\u2019elle.<\/p>\n\n\n\n<p class=\"wp-block-paragraph\">Devant ses refus r\u00e9p\u00e9t\u00e9s, il essaya de la convaincre en lui disant qu\u2019apr\u00e8s la guerre, peut-\u00eatre, si son mari ne revenait pas, elle accepterait qu\u2019il revienne s\u2019occuper d\u2019elle et il prit note de son adresse \u00e0 Colombes.<\/p>\n\n\n\n<p class=\"wp-block-paragraph\">De fait, apr\u00e8s-guerre, le quartier vit arriver une Merc\u00e9d\u00e8s qui se gara devant le domicile de ma grand-m\u00e8re et le galant officier frappa \u00e0 leur porte pour constater avec regret que la famille \u00e9tait pleinement reconstitu\u00e9e.<\/p>\n","protected":false},"excerpt":{"rendered":"<p>En 1940, pendant que mon grand-p\u00e8re tentait d\u2019\u00e9chapper \u00e0 l\u2019offensive allemande, ma grand-m\u00e8re partit sur les routes de l\u2019exode avec sa petite fille de cinq ans et des jumelles nouveau-n\u00e9es (ma m\u00e8re et ma&#46;&#46;&#46;<\/p>\n","protected":false},"author":1,"featured_media":0,"comment_status":"open","ping_status":"open","sticky":false,"template":"","format":"standard","meta":{"_crdt_document":"","footnotes":""},"categories":[6,9,24],"tags":[74,97,98,101,100,99],"class_list":["post-123","post","type-post","status-publish","format-standard","hentry","category-amour","category-enfance","category-guerre","tag-allemand","tag-bernay","tag-blonde","tag-jumelles","tag-mercedes","tag-normandie"],"jetpack_featured_media_url":"","_links":{"self":[{"href":"https:\/\/grenierdecourbevoie.fr\/index.php\/wp-json\/wp\/v2\/posts\/123","targetHints":{"allow":["GET"]}}],"collection":[{"href":"https:\/\/grenierdecourbevoie.fr\/index.php\/wp-json\/wp\/v2\/posts"}],"about":[{"href":"https:\/\/grenierdecourbevoie.fr\/index.php\/wp-json\/wp\/v2\/types\/post"}],"author":[{"embeddable":true,"href":"https:\/\/grenierdecourbevoie.fr\/index.php\/wp-json\/wp\/v2\/users\/1"}],"replies":[{"embeddable":true,"href":"https:\/\/grenierdecourbevoie.fr\/index.php\/wp-json\/wp\/v2\/comments?post=123"}],"version-history":[{"count":1,"href":"https:\/\/grenierdecourbevoie.fr\/index.php\/wp-json\/wp\/v2\/posts\/123\/revisions"}],"predecessor-version":[{"id":124,"href":"https:\/\/grenierdecourbevoie.fr\/index.php\/wp-json\/wp\/v2\/posts\/123\/revisions\/124"}],"wp:attachment":[{"href":"https:\/\/grenierdecourbevoie.fr\/index.php\/wp-json\/wp\/v2\/media?parent=123"}],"wp:term":[{"taxonomy":"category","embeddable":true,"href":"https:\/\/grenierdecourbevoie.fr\/index.php\/wp-json\/wp\/v2\/categories?post=123"},{"taxonomy":"post_tag","embeddable":true,"href":"https:\/\/grenierdecourbevoie.fr\/index.php\/wp-json\/wp\/v2\/tags?post=123"}],"curies":[{"name":"wp","href":"https:\/\/api.w.org\/{rel}","templated":true}]}}