{"id":1262,"date":"2024-02-09T19:17:38","date_gmt":"2024-02-09T18:17:38","guid":{"rendered":"https:\/\/grenierdecourbevoie.fr\/?p=1262"},"modified":"2024-02-09T19:17:39","modified_gmt":"2024-02-09T18:17:39","slug":"le-parcours-de-pascal","status":"publish","type":"post","link":"https:\/\/grenierdecourbevoie.fr\/index.php\/2024\/02\/09\/le-parcours-de-pascal\/","title":{"rendered":"Le parcours de Pascal"},"content":{"rendered":"\n<p class=\"wp-block-paragraph\">&nbsp;Mon grand -p\u00e8re est n\u00e9 dans une famille de paysans en Corse juste apr\u00e8s la deuxi\u00e8me guerre mondiale. Il avait quatre fr\u00e8res et s\u0153urs.<\/p>\n\n\n\n<p class=\"wp-block-paragraph\">Ils habitaient au rez-de-chauss\u00e9e d&#8217;une maison qui appartenait \u00e0 des personnes riches, des seigneurs. Ils vivaient dans une seule pi\u00e8ce avec deux grands lits. Tous les matins, avec son p\u00e8re avant d&#8217;aller travailler pour les ma\u00eetres, mon grand-p\u00e8re devait s&#8217;occuper de leur potager. Il devait aller chercher de l&#8217;eau dans le village pour irriguer leurs terres. Il devait s&#8217;occuper des l\u00e9gumes du jardin potager car c&#8217;\u00e9tait leur unique source de nourriture. Il se levait \u00e0 quatre heures du matin pour accomplir toutes ses t\u00e2ches avec son p\u00e8re. Ensuite, \u00e0 7 heures, celui-ci partait travailler pour le seigneur. Son p\u00e8re s&#8217;occupait des cultures et des animaux.<\/p>\n\n\n\n<p class=\"wp-block-paragraph\">Mon grand-p\u00e8re, lui, partait alors \u00e0 l&#8217;\u00e9cole du village. A l&#8217;\u00e9poque il n&#8217;y avait qu&#8217;une seule classe qui accueillait les \u00e9l\u00e8ves de 6 \u00e0 17 ans. La salle de classe se trouvait dans une cave. Apr\u00e8s l&#8217;\u00e9cole, mon grand-p\u00e8re s&#8217;occupait encore de leur potager s&#8217;il faisait jour, puis il faisait ses devoirs \u00e0 la maison. A 17 ans, il est parti de Corse pour travailler comme m\u00e9canicien sur des bateaux. Quatre ans plus tard il, a repris ses \u00e9tudes et est finalement devenu architecte dans l&#8217;a\u00e9rospatiale. Il continue aujourd\u2019hui \u00e0 dessiner des plans de maisons. Ses fr\u00e8res et s\u0153urs ont chacun une maison en Corse, au village. Et moi, je vais tous les \u00e9t\u00e9s dans sa maison.<\/p>\n","protected":false},"excerpt":{"rendered":"<p>&nbsp;Mon grand -p\u00e8re est n\u00e9 dans une famille de paysans en Corse juste apr\u00e8s la deuxi\u00e8me guerre mondiale. Il avait quatre fr\u00e8res et s\u0153urs. Ils habitaient au rez-de-chauss\u00e9e d&#8217;une maison qui appartenait \u00e0 des&#46;&#46;&#46;<\/p>\n","protected":false},"author":1,"featured_media":0,"comment_status":"open","ping_status":"open","sticky":false,"template":"","format":"standard","meta":{"_crdt_document":"","footnotes":""},"categories":[9,28],"tags":[1353,1352,167,468],"class_list":["post-1262","post","type-post","status-publish","format-standard","hentry","category-enfance","category-travail","tag-aerospatiale","tag-architecte","tag-ecole","tag-paysan"],"jetpack_featured_media_url":"","_links":{"self":[{"href":"https:\/\/grenierdecourbevoie.fr\/index.php\/wp-json\/wp\/v2\/posts\/1262","targetHints":{"allow":["GET"]}}],"collection":[{"href":"https:\/\/grenierdecourbevoie.fr\/index.php\/wp-json\/wp\/v2\/posts"}],"about":[{"href":"https:\/\/grenierdecourbevoie.fr\/index.php\/wp-json\/wp\/v2\/types\/post"}],"author":[{"embeddable":true,"href":"https:\/\/grenierdecourbevoie.fr\/index.php\/wp-json\/wp\/v2\/users\/1"}],"replies":[{"embeddable":true,"href":"https:\/\/grenierdecourbevoie.fr\/index.php\/wp-json\/wp\/v2\/comments?post=1262"}],"version-history":[{"count":1,"href":"https:\/\/grenierdecourbevoie.fr\/index.php\/wp-json\/wp\/v2\/posts\/1262\/revisions"}],"predecessor-version":[{"id":1263,"href":"https:\/\/grenierdecourbevoie.fr\/index.php\/wp-json\/wp\/v2\/posts\/1262\/revisions\/1263"}],"wp:attachment":[{"href":"https:\/\/grenierdecourbevoie.fr\/index.php\/wp-json\/wp\/v2\/media?parent=1262"}],"wp:term":[{"taxonomy":"category","embeddable":true,"href":"https:\/\/grenierdecourbevoie.fr\/index.php\/wp-json\/wp\/v2\/categories?post=1262"},{"taxonomy":"post_tag","embeddable":true,"href":"https:\/\/grenierdecourbevoie.fr\/index.php\/wp-json\/wp\/v2\/tags?post=1262"}],"curies":[{"name":"wp","href":"https:\/\/api.w.org\/{rel}","templated":true}]}}