{"id":127,"date":"2022-10-15T16:33:54","date_gmt":"2022-10-15T14:33:54","guid":{"rendered":"http:\/\/grenierdecourbevoie.fr\/?p=127"},"modified":"2022-10-15T17:51:44","modified_gmt":"2022-10-15T15:51:44","slug":"les-deracines","status":"publish","type":"post","link":"https:\/\/grenierdecourbevoie.fr\/index.php\/2022\/10\/15\/les-deracines\/","title":{"rendered":"Les d\u00e9racin\u00e9s"},"content":{"rendered":"\n<p class=\"wp-block-paragraph\">Parce qu\u2019ils \u00e9taient des harkis, mes deux grands-p\u00e8res et leurs familles ont d\u00fb fuir l\u2019Alg\u00e9rie au moment de l\u2019ind\u00e9pendance.<\/p>\n\n\n\n<p class=\"wp-block-paragraph\">C\u2019\u00e9taient de pauvres villageois, analphab\u00e8tes qui habitaient pr\u00e8s de Tlemcen. Sans leur demander leur avis, l\u2019arm\u00e9e fran\u00e7aise les a enr\u00f4l\u00e9s l\u2019un comme chauffeur, l\u2019autre comme auxiliaire. Ce dernier \u00e9tait m\u00eame encore r\u00e9serviste en 1974. Ils ont fini par \u00eatre d\u00e9cor\u00e9s tous les deux et tr\u00e8s fiers de l\u2019\u00eatre, sans jamais regretter leur choix. Ils voulaient que leurs enfants aient un avenir.<\/p>\n\n\n\n<p class=\"wp-block-paragraph\">Nous, la jeune g\u00e9n\u00e9ration, nous avons voulu savoir pourquoi ils s\u2019\u00e9taient engag\u00e9s du c\u00f4t\u00e9 des colonisateurs, des \u00ab&nbsp;occupants&nbsp;\u00bb. Ils nous ont r\u00e9pondu que tout n\u2019\u00e9tait pas si simple et que les torts ou les bonnes volont\u00e9s pouvaient \u00eatre partag\u00e9s.<\/p>\n\n\n\n<p class=\"wp-block-paragraph\">Pour mon grand-p\u00e8re paternel et les siens, ce n\u2019est pas vraiment l&#8217;\u00c9tat&nbsp;fran\u00e7ais qui les a rapatri\u00e9s mais plut\u00f4t son sup\u00e9rieur, le capitaine Delmotte qui a pris sur lui de sauver pr\u00e8s de cinquante familles de harkis. Il a embarqu\u00e9 tout ce monde-l\u00e0 sur un bateau et est m\u00eame all\u00e9 jusqu\u2019\u00e0 les h\u00e9berger dans son manoir de Chauvigny pr\u00e8s de Poitiers.<\/p>\n\n\n\n<p class=\"wp-block-paragraph\">Mon autre grand-p\u00e8re et sa famille, dont ma m\u00e8re qui \u00e9tait toute petite \u00e0 l\u2019\u00e9poque, sont pass\u00e9s par Bourg-Lastic, un camp de transit dans le centre de la France avant de retrouver les autres \u00e0 Ch\u00e2tellerault. Il y avait \u00e9norm\u00e9ment de rapatri\u00e9s dans la r\u00e9gion.<\/p>\n\n\n\n<p class=\"wp-block-paragraph\">Ils sont r\u00e9guli\u00e8rement retourn\u00e9s en Alg\u00e9rie retrouver leur terre natale et leurs proches avec qui nous sommes toujours en contact.<\/p>\n\n\n\n<p class=\"wp-block-paragraph\">Leur m\u00e9moire m\u2019est tr\u00e8s ch\u00e8re.<\/p>\n","protected":false},"excerpt":{"rendered":"<p>Parce qu\u2019ils \u00e9taient des harkis, mes deux grands-p\u00e8res et leurs familles ont d\u00fb fuir l\u2019Alg\u00e9rie au moment de l\u2019ind\u00e9pendance. C\u2019\u00e9taient de pauvres villageois, analphab\u00e8tes qui habitaient pr\u00e8s de Tlemcen. Sans leur demander leur avis,&#46;&#46;&#46;<\/p>\n","protected":false},"author":1,"featured_media":186,"comment_status":"closed","ping_status":"closed","sticky":false,"template":"","format":"standard","meta":{"_crdt_document":"","footnotes":""},"categories":[7,24],"tags":[16,109,110,107,111,105,106,20,108,112],"class_list":["post-127","post","type-post","status-publish","format-standard","has-post-thumbnail","hentry","category-voyage","category-guerre","tag-algerie","tag-bourg-lastic","tag-chatellerault","tag-chauvigny","tag-delmotte","tag-guerre-dalgerie","tag-harkis","tag-independance","tag-poitiers","tag-tlemcen"],"jetpack_featured_media_url":"https:\/\/grenierdecourbevoie.fr\/wp-content\/uploads\/2022\/10\/DeracineKz.jpg","_links":{"self":[{"href":"https:\/\/grenierdecourbevoie.fr\/index.php\/wp-json\/wp\/v2\/posts\/127","targetHints":{"allow":["GET"]}}],"collection":[{"href":"https:\/\/grenierdecourbevoie.fr\/index.php\/wp-json\/wp\/v2\/posts"}],"about":[{"href":"https:\/\/grenierdecourbevoie.fr\/index.php\/wp-json\/wp\/v2\/types\/post"}],"author":[{"embeddable":true,"href":"https:\/\/grenierdecourbevoie.fr\/index.php\/wp-json\/wp\/v2\/users\/1"}],"replies":[{"embeddable":true,"href":"https:\/\/grenierdecourbevoie.fr\/index.php\/wp-json\/wp\/v2\/comments?post=127"}],"version-history":[{"count":1,"href":"https:\/\/grenierdecourbevoie.fr\/index.php\/wp-json\/wp\/v2\/posts\/127\/revisions"}],"predecessor-version":[{"id":128,"href":"https:\/\/grenierdecourbevoie.fr\/index.php\/wp-json\/wp\/v2\/posts\/127\/revisions\/128"}],"wp:featuredmedia":[{"embeddable":true,"href":"https:\/\/grenierdecourbevoie.fr\/index.php\/wp-json\/wp\/v2\/media\/186"}],"wp:attachment":[{"href":"https:\/\/grenierdecourbevoie.fr\/index.php\/wp-json\/wp\/v2\/media?parent=127"}],"wp:term":[{"taxonomy":"category","embeddable":true,"href":"https:\/\/grenierdecourbevoie.fr\/index.php\/wp-json\/wp\/v2\/categories?post=127"},{"taxonomy":"post_tag","embeddable":true,"href":"https:\/\/grenierdecourbevoie.fr\/index.php\/wp-json\/wp\/v2\/tags?post=127"}],"curies":[{"name":"wp","href":"https:\/\/api.w.org\/{rel}","templated":true}]}}