{"id":1299,"date":"2024-02-26T10:01:13","date_gmt":"2024-02-26T09:01:13","guid":{"rendered":"https:\/\/grenierdecourbevoie.fr\/?p=1299"},"modified":"2024-02-26T10:01:14","modified_gmt":"2024-02-26T09:01:14","slug":"le-nom-de-famille","status":"publish","type":"post","link":"https:\/\/grenierdecourbevoie.fr\/index.php\/2024\/02\/26\/le-nom-de-famille\/","title":{"rendered":"Le nom de famille"},"content":{"rendered":"\n<p class=\"wp-block-paragraph\">Mon grand-p\u00e8re m\u2019a racont\u00e9 d\u2019o\u00f9 venait mon nom de famille, Seydoux. Vers le 15\u00e8me si\u00e8cle, en p\u00e9riode de guerre, des gens habitaient dans un ch\u00e2teau en Suisse et n\u2019aimaient pas faire de prisonniers. Alors ils les tuaient puis jetaient leurs corps dans les oubliettes. Une fois que la peau \u00e9tait d\u00e9compos\u00e9e cela formait une haie d\u2019os. Seydoux veut dire \u00ab haie d\u2019os \u00bb en vieux fran\u00e7ais.<\/p>\n","protected":false},"excerpt":{"rendered":"<p>Mon grand-p\u00e8re m\u2019a racont\u00e9 d\u2019o\u00f9 venait mon nom de famille, Seydoux. Vers le 15\u00e8me si\u00e8cle, en p\u00e9riode de guerre, des gens habitaient dans un ch\u00e2teau en Suisse et n\u2019aimaient pas faire de prisonniers. Alors&#46;&#46;&#46;<\/p>\n","protected":false},"author":1,"featured_media":0,"comment_status":"open","ping_status":"open","sticky":false,"template":"","format":"standard","meta":{"_crdt_document":"","footnotes":""},"categories":[24,13],"tags":[17,1028,121],"class_list":["post-1299","post","type-post","status-publish","format-standard","hentry","category-guerre","category-traditions-et-legendes","tag-guerre","tag-nom","tag-suisse"],"jetpack_featured_media_url":"","_links":{"self":[{"href":"https:\/\/grenierdecourbevoie.fr\/index.php\/wp-json\/wp\/v2\/posts\/1299","targetHints":{"allow":["GET"]}}],"collection":[{"href":"https:\/\/grenierdecourbevoie.fr\/index.php\/wp-json\/wp\/v2\/posts"}],"about":[{"href":"https:\/\/grenierdecourbevoie.fr\/index.php\/wp-json\/wp\/v2\/types\/post"}],"author":[{"embeddable":true,"href":"https:\/\/grenierdecourbevoie.fr\/index.php\/wp-json\/wp\/v2\/users\/1"}],"replies":[{"embeddable":true,"href":"https:\/\/grenierdecourbevoie.fr\/index.php\/wp-json\/wp\/v2\/comments?post=1299"}],"version-history":[{"count":1,"href":"https:\/\/grenierdecourbevoie.fr\/index.php\/wp-json\/wp\/v2\/posts\/1299\/revisions"}],"predecessor-version":[{"id":1300,"href":"https:\/\/grenierdecourbevoie.fr\/index.php\/wp-json\/wp\/v2\/posts\/1299\/revisions\/1300"}],"wp:attachment":[{"href":"https:\/\/grenierdecourbevoie.fr\/index.php\/wp-json\/wp\/v2\/media?parent=1299"}],"wp:term":[{"taxonomy":"category","embeddable":true,"href":"https:\/\/grenierdecourbevoie.fr\/index.php\/wp-json\/wp\/v2\/categories?post=1299"},{"taxonomy":"post_tag","embeddable":true,"href":"https:\/\/grenierdecourbevoie.fr\/index.php\/wp-json\/wp\/v2\/tags?post=1299"}],"curies":[{"name":"wp","href":"https:\/\/api.w.org\/{rel}","templated":true}]}}