{"id":131,"date":"2022-10-15T16:40:17","date_gmt":"2022-10-15T14:40:17","guid":{"rendered":"http:\/\/grenierdecourbevoie.fr\/?p=131"},"modified":"2022-10-15T16:40:17","modified_gmt":"2022-10-15T14:40:17","slug":"la-morte-dadele","status":"publish","type":"post","link":"https:\/\/grenierdecourbevoie.fr\/index.php\/2022\/10\/15\/la-morte-dadele\/","title":{"rendered":"La Morte d\u2019Ad\u00e8le"},"content":{"rendered":"\n<p class=\"wp-block-paragraph\">Une de mes arri\u00e8res-arri\u00e8res-grands-m\u00e8res est partie de la r\u00e9gion montagneuse situ\u00e9e au sud de Berne en Suisse pour venir s\u2019installer en Franche-Comt\u00e9. Plus pr\u00e9cis\u00e9ment, elle \u00e9tait native de la petite ville d\u2019Adelboden. C\u2019\u00e9tait forc\u00e9ment un peu compliqu\u00e9 pour l\u2019officier d\u2019\u00e9tat civil fran\u00e7ais qui a inscrit sur son acte de d\u00e9c\u00e8s qu\u2019elle venait d\u2019Ad\u00e8le Boudin.<\/p>\n","protected":false},"excerpt":{"rendered":"<p>Une de mes arri\u00e8res-arri\u00e8res-grands-m\u00e8res est partie de la r\u00e9gion montagneuse situ\u00e9e au sud de Berne en Suisse pour venir s\u2019installer en Franche-Comt\u00e9. Plus pr\u00e9cis\u00e9ment, elle \u00e9tait native de la petite ville d\u2019Adelboden. C\u2019\u00e9tait forc\u00e9ment&#46;&#46;&#46;<\/p>\n","protected":false},"author":1,"featured_media":0,"comment_status":"open","ping_status":"open","sticky":false,"template":"","format":"standard","meta":{"_crdt_document":"","footnotes":""},"categories":[15,1,7],"tags":[123,122,126,125,124,121],"class_list":["post-131","post","type-post","status-publish","format-standard","hentry","category-accidents","category-non-classe","category-voyage","tag-adelboden","tag-adele","tag-berne","tag-etat-civil","tag-franche-comte","tag-suisse"],"jetpack_featured_media_url":"","_links":{"self":[{"href":"https:\/\/grenierdecourbevoie.fr\/index.php\/wp-json\/wp\/v2\/posts\/131","targetHints":{"allow":["GET"]}}],"collection":[{"href":"https:\/\/grenierdecourbevoie.fr\/index.php\/wp-json\/wp\/v2\/posts"}],"about":[{"href":"https:\/\/grenierdecourbevoie.fr\/index.php\/wp-json\/wp\/v2\/types\/post"}],"author":[{"embeddable":true,"href":"https:\/\/grenierdecourbevoie.fr\/index.php\/wp-json\/wp\/v2\/users\/1"}],"replies":[{"embeddable":true,"href":"https:\/\/grenierdecourbevoie.fr\/index.php\/wp-json\/wp\/v2\/comments?post=131"}],"version-history":[{"count":1,"href":"https:\/\/grenierdecourbevoie.fr\/index.php\/wp-json\/wp\/v2\/posts\/131\/revisions"}],"predecessor-version":[{"id":132,"href":"https:\/\/grenierdecourbevoie.fr\/index.php\/wp-json\/wp\/v2\/posts\/131\/revisions\/132"}],"wp:attachment":[{"href":"https:\/\/grenierdecourbevoie.fr\/index.php\/wp-json\/wp\/v2\/media?parent=131"}],"wp:term":[{"taxonomy":"category","embeddable":true,"href":"https:\/\/grenierdecourbevoie.fr\/index.php\/wp-json\/wp\/v2\/categories?post=131"},{"taxonomy":"post_tag","embeddable":true,"href":"https:\/\/grenierdecourbevoie.fr\/index.php\/wp-json\/wp\/v2\/tags?post=131"}],"curies":[{"name":"wp","href":"https:\/\/api.w.org\/{rel}","templated":true}]}}