{"id":1324,"date":"2024-03-06T16:48:28","date_gmt":"2024-03-06T15:48:28","guid":{"rendered":"https:\/\/grenierdecourbevoie.fr\/?p=1324"},"modified":"2024-03-06T16:48:29","modified_gmt":"2024-03-06T15:48:29","slug":"courrier-inattendu","status":"publish","type":"post","link":"https:\/\/grenierdecourbevoie.fr\/index.php\/2024\/03\/06\/courrier-inattendu\/","title":{"rendered":"Courrier inattendu"},"content":{"rendered":"\n<p class=\"wp-block-paragraph\">Pendant la guerre, mon grand-p\u00e8re \u00e9tait entr\u00e9 dans la r\u00e9sistance alors qu\u2019il \u00e9tait encore adolescent \u00e0 Lyon.<\/p>\n\n\n\n<p class=\"wp-block-paragraph\">Il a \u00e9t\u00e9 arr\u00eat\u00e9 par les Allemands qui ont d\u00e9couvert qu\u2019il \u00e9tait non seulement r\u00e9sistant, mais \u00e9galement juif, ce qui faisait deux raisons de le d\u00e9porter. Il s\u2019est donc retrouv\u00e9 dans un train en partance pour Drancy, dans la banlieue est de Paris, le centre de transit avant le d\u00e9part pour les camps de concentration.<\/p>\n\n\n\n<p class=\"wp-block-paragraph\">C\u2019\u00e9tait un train de passagers et les conditions de transport \u00e9taient forc\u00e9ment meilleures que dans les wagons plomb\u00e9s. Le train \u00e9tait presque arriv\u00e9. Il passait au niveau de Villeneuve-Saint-Georges quand le train a \u00e9t\u00e9 forc\u00e9 de ralentir suite \u00e0 un bombardement alli\u00e9.<\/p>\n\n\n\n<p class=\"wp-block-paragraph\">Un wagon postal sur la voie \u00e0 c\u00f4t\u00e9 d\u2019eux avait \u00e9t\u00e9 touch\u00e9. Comme le train roulait maintenant \u00e0 faible allure, les prisonniers se sont dits qu\u2019ils avaient peut-\u00eatre une chance de s\u2019\u00e9chapper. Ils ont cass\u00e9 la vitre de leur compartiment et un premier homme a saut\u00e9. En fait, il a m\u00eame \u00e9t\u00e9 pouss\u00e9 par les autres parce qu\u2019il avait pris peur. Il a sembl\u00e9 s\u2019\u00e9craser au sol et est rest\u00e9 l\u00e0 inanim\u00e9. Ce n\u2019est qu\u2019apr\u00e8s la guerre que mon grand-p\u00e8re a appris qu\u2019il avait surv\u00e9cu. Comme les autres h\u00e9sitaient \u00e0 tenter leur chance, il a d\u00e9cid\u00e9 que c\u2019\u00e9tait son tour.<\/p>\n\n\n\n<p class=\"wp-block-paragraph\">Il a enjamb\u00e9 la fen\u00eatre, pris son \u00e9lan et s\u2019est retrouv\u00e9 au milieu de quelque chose qui avait amorti sa chute. \u00ab&nbsp;Comme j\u2019avais perdu mes lunettes, je ne me suis pas rendu compte tout&nbsp;de suite de ce que c\u2019\u00e9tait&nbsp;\u00bb nous a-t-il racont\u00e9 bien des ann\u00e9es apr\u00e8s. \u00ab&nbsp;C\u2019\u00e9taient des dizaines de lettres dispers\u00e9es par l\u2019explosion du wagon postal.&nbsp;\u00bb<\/p>\n\n\n\n<p class=\"wp-block-paragraph\">Il a repris ses esprits et s\u2019est dirig\u00e9 vers les habitations les plus proches en esp\u00e9rant y trouver refuge. Il s\u2019est retrouv\u00e9 devant deux maisons et s\u2019est d\u00e9cid\u00e9 \u00e0 frapper \u00e0 la porte de la premi\u00e8re.<\/p>\n\n\n\n<p class=\"wp-block-paragraph\">Les gens qui habitaient l\u00e0, le recueillirent et lui dirent qu\u2019il avait tr\u00e8s bien fait de venir chez eux car leurs voisins l\u2019auraient d\u00e9nonc\u00e9 imm\u00e9diatement. Et c\u2019est comme \u00e7a qu\u2019il a \u00e9chapp\u00e9 \u00e0 Auschwitz.<\/p>\n\n\n\n<p class=\"wp-block-paragraph\">Autant dire que cette histoire est devenue une l\u00e9gende familiale.<\/p>\n","protected":false},"excerpt":{"rendered":"<p>Pendant la guerre, mon grand-p\u00e8re \u00e9tait entr\u00e9 dans la r\u00e9sistance alors qu\u2019il \u00e9tait encore adolescent \u00e0 Lyon. Il a \u00e9t\u00e9 arr\u00eat\u00e9 par les Allemands qui ont d\u00e9couvert qu\u2019il \u00e9tait non seulement r\u00e9sistant, mais \u00e9galement&#46;&#46;&#46;<\/p>\n","protected":false},"author":1,"featured_media":0,"comment_status":"open","ping_status":"open","sticky":false,"template":"","format":"standard","meta":{"_crdt_document":"","footnotes":""},"categories":[24,11],"tags":[494,1398,1399,1396,892,34,1400,1397],"class_list":["post-1324","post","type-post","status-publish","format-standard","hentry","category-guerre","category-objets","tag-auschwitz","tag-deportation","tag-drancy","tag-lettres","tag-lyon","tag-train","tag-villeneuve-saint-georges","tag-wagon"],"jetpack_featured_media_url":"","_links":{"self":[{"href":"https:\/\/grenierdecourbevoie.fr\/index.php\/wp-json\/wp\/v2\/posts\/1324","targetHints":{"allow":["GET"]}}],"collection":[{"href":"https:\/\/grenierdecourbevoie.fr\/index.php\/wp-json\/wp\/v2\/posts"}],"about":[{"href":"https:\/\/grenierdecourbevoie.fr\/index.php\/wp-json\/wp\/v2\/types\/post"}],"author":[{"embeddable":true,"href":"https:\/\/grenierdecourbevoie.fr\/index.php\/wp-json\/wp\/v2\/users\/1"}],"replies":[{"embeddable":true,"href":"https:\/\/grenierdecourbevoie.fr\/index.php\/wp-json\/wp\/v2\/comments?post=1324"}],"version-history":[{"count":1,"href":"https:\/\/grenierdecourbevoie.fr\/index.php\/wp-json\/wp\/v2\/posts\/1324\/revisions"}],"predecessor-version":[{"id":1325,"href":"https:\/\/grenierdecourbevoie.fr\/index.php\/wp-json\/wp\/v2\/posts\/1324\/revisions\/1325"}],"wp:attachment":[{"href":"https:\/\/grenierdecourbevoie.fr\/index.php\/wp-json\/wp\/v2\/media?parent=1324"}],"wp:term":[{"taxonomy":"category","embeddable":true,"href":"https:\/\/grenierdecourbevoie.fr\/index.php\/wp-json\/wp\/v2\/categories?post=1324"},{"taxonomy":"post_tag","embeddable":true,"href":"https:\/\/grenierdecourbevoie.fr\/index.php\/wp-json\/wp\/v2\/tags?post=1324"}],"curies":[{"name":"wp","href":"https:\/\/api.w.org\/{rel}","templated":true}]}}