{"id":1349,"date":"2024-03-11T09:43:02","date_gmt":"2024-03-11T08:43:02","guid":{"rendered":"https:\/\/grenierdecourbevoie.fr\/?p=1349"},"modified":"2024-03-11T09:43:03","modified_gmt":"2024-03-11T08:43:03","slug":"la-longue-marche","status":"publish","type":"post","link":"https:\/\/grenierdecourbevoie.fr\/index.php\/2024\/03\/11\/la-longue-marche\/","title":{"rendered":"La longue marche"},"content":{"rendered":"\n<p class=\"wp-block-paragraph\">Mon arri\u00e8re-grand-p\u00e8re maternel s\u2019appelait Marcel.<\/p>\n\n\n\n<p class=\"wp-block-paragraph\">En 1937, Marcel a d\u00fb faire son service militaire comme tous les jeunes hommes de son \u00e2ge.<\/p>\n\n\n\n<p class=\"wp-block-paragraph\">Avant de partir, il avait promis \u00e0 sa fianc\u00e9e de l\u2019\u00e9pouser \u00e0 son retour.<\/p>\n\n\n\n<p class=\"wp-block-paragraph\">Malheureusement, la seconde guerre mondiale a \u00e9clat\u00e9 en 1939, et il \u00e9tait bien oblig\u00e9 d\u2019y participer. Il a \u00e9t\u00e9 fait prisonnier et intern\u00e9 en Allemagne o\u00f9 on a voulu le forcer \u00e0 travailler. Comme il r\u00e9sistait, il a \u00e9t\u00e9 emprisonn\u00e9 dans un bunker avec deux prisonniers fran\u00e7ais. Ils ont essay\u00e9 de s\u2019\u00e9vader mais les deux autres ont \u00e9t\u00e9 tu\u00e9s pendant l\u2019\u00e9vasion. Seul mon arri\u00e8re-grand-p\u00e8re a r\u00e9ussi \u00e0 s\u2019enfuir.<\/p>\n\n\n\n<p class=\"wp-block-paragraph\">Il a d\u00e9cid\u00e9 de rentrer \u00e0 pied en sachant qu\u2019il \u00e9tait \u00e0 peu pr\u00e8s \u00e0 1 500 km de chez lui. Il portait au d\u00e9but des chaussures avec de grosses semelles mais \u00e0 l\u2019arriv\u00e9e en Bretagne, les semelles \u00e9taient toutes trou\u00e9es. A la fin de cette incroyable histoire, Marcel et sa fianc\u00e9e se mari\u00e8rent apr\u00e8s huit ans sans se voir et ils eurent deux enfants.<\/p>\n","protected":false},"excerpt":{"rendered":"<p>Mon arri\u00e8re-grand-p\u00e8re maternel s\u2019appelait Marcel. En 1937, Marcel a d\u00fb faire son service militaire comme tous les jeunes hommes de son \u00e2ge. Avant de partir, il avait promis \u00e0 sa fianc\u00e9e de l\u2019\u00e9pouser \u00e0&#46;&#46;&#46;<\/p>\n","protected":false},"author":1,"featured_media":0,"comment_status":"open","ping_status":"open","sticky":false,"template":"","format":"standard","meta":{"_crdt_document":"","footnotes":""},"categories":[6,7,24],"tags":[761,300,376,294,309],"class_list":["post-1349","post","type-post","status-publish","format-standard","hentry","category-amour","category-voyage","category-guerre","tag-allemagne","tag-bretagne","tag-deuxieme-guerre-mondiale","tag-evasion","tag-prisonnier"],"jetpack_featured_media_url":"","_links":{"self":[{"href":"https:\/\/grenierdecourbevoie.fr\/index.php\/wp-json\/wp\/v2\/posts\/1349","targetHints":{"allow":["GET"]}}],"collection":[{"href":"https:\/\/grenierdecourbevoie.fr\/index.php\/wp-json\/wp\/v2\/posts"}],"about":[{"href":"https:\/\/grenierdecourbevoie.fr\/index.php\/wp-json\/wp\/v2\/types\/post"}],"author":[{"embeddable":true,"href":"https:\/\/grenierdecourbevoie.fr\/index.php\/wp-json\/wp\/v2\/users\/1"}],"replies":[{"embeddable":true,"href":"https:\/\/grenierdecourbevoie.fr\/index.php\/wp-json\/wp\/v2\/comments?post=1349"}],"version-history":[{"count":1,"href":"https:\/\/grenierdecourbevoie.fr\/index.php\/wp-json\/wp\/v2\/posts\/1349\/revisions"}],"predecessor-version":[{"id":1350,"href":"https:\/\/grenierdecourbevoie.fr\/index.php\/wp-json\/wp\/v2\/posts\/1349\/revisions\/1350"}],"wp:attachment":[{"href":"https:\/\/grenierdecourbevoie.fr\/index.php\/wp-json\/wp\/v2\/media?parent=1349"}],"wp:term":[{"taxonomy":"category","embeddable":true,"href":"https:\/\/grenierdecourbevoie.fr\/index.php\/wp-json\/wp\/v2\/categories?post=1349"},{"taxonomy":"post_tag","embeddable":true,"href":"https:\/\/grenierdecourbevoie.fr\/index.php\/wp-json\/wp\/v2\/tags?post=1349"}],"curies":[{"name":"wp","href":"https:\/\/api.w.org\/{rel}","templated":true}]}}