{"id":1365,"date":"2024-03-11T09:56:55","date_gmt":"2024-03-11T08:56:55","guid":{"rendered":"https:\/\/grenierdecourbevoie.fr\/?p=1365"},"modified":"2024-03-11T09:56:57","modified_gmt":"2024-03-11T08:56:57","slug":"panne-en-plein-ciel","status":"publish","type":"post","link":"https:\/\/grenierdecourbevoie.fr\/index.php\/2024\/03\/11\/panne-en-plein-ciel\/","title":{"rendered":"Panne en plein ciel"},"content":{"rendered":"\n<p class=\"wp-block-paragraph\">En 1966, mon grand-p\u00e8re Andr\u00e9 \u00e9tait pilote de chasse \u00e0 la base a\u00e9rienne de Dijon.<\/p>\n\n\n\n<p class=\"wp-block-paragraph\">Il nous a racont\u00e9 une histoire qui lui est arriv\u00e9e&nbsp;: \u00ab&nbsp;Cette apr\u00e8s-midi, je me pr\u00e9pare pour partir en vol, pour une simple mission de reconnaissance. J\u2019enfile ma combinaison et je mets mon casque. Une fois dans l\u2019avion j\u2019effectue les v\u00e9rifications de routine, tout est en ordre. La tour de contr\u00f4le me donne l\u2019autorisation, je peux d\u00e9coller&nbsp;: c\u2019est parti ! Apr\u00e8s une heure de vol, tout \u00e0 coup, la pression hydraulique chute et je perds une partie de mes commandes de vol. Je ne peux pas atterrir, je risque de m\u2019\u00e9craser&nbsp;! Je suis oblig\u00e9 d\u2019abandonner mon avion. Je tire la poign\u00e9e au-dessus de ma t\u00eate pour d\u00e9clencher le si\u00e8ge \u00e9jectable et sauter en parachute. Et me voil\u00e0 \u00e9ject\u00e9. Mon parachute s\u2019ouvre et la descente est normale. Je finis par tomber dans un champ de bl\u00e9, sain et sauf&nbsp;!<\/p>\n\n\n\n<p class=\"wp-block-paragraph\">L\u2019avion, de son c\u00f4t\u00e9, a continu\u00e9 de voler quelques minutes et s\u2019est \u00e9cras\u00e9 en for\u00eat. Heureusement, il n\u2019a pas touch\u00e9 d\u2019habitation et personne n\u2019a \u00e9t\u00e9 bless\u00e9.<\/p>\n","protected":false},"excerpt":{"rendered":"<p>En 1966, mon grand-p\u00e8re Andr\u00e9 \u00e9tait pilote de chasse \u00e0 la base a\u00e9rienne de Dijon. Il nous a racont\u00e9 une histoire qui lui est arriv\u00e9e&nbsp;: \u00ab&nbsp;Cette apr\u00e8s-midi, je me pr\u00e9pare pour partir en vol,&#46;&#46;&#46;<\/p>\n","protected":false},"author":1,"featured_media":0,"comment_status":"open","ping_status":"open","sticky":false,"template":"","format":"standard","meta":{"_crdt_document":"","footnotes":""},"categories":[15,28],"tags":[970,296,385,341,1449,969],"class_list":["post-1365","post","type-post","status-publish","format-standard","hentry","category-accidents","category-travail","tag-aviation","tag-avion","tag-chute","tag-panne","tag-parachute","tag-pilote"],"jetpack_featured_media_url":"","_links":{"self":[{"href":"https:\/\/grenierdecourbevoie.fr\/index.php\/wp-json\/wp\/v2\/posts\/1365","targetHints":{"allow":["GET"]}}],"collection":[{"href":"https:\/\/grenierdecourbevoie.fr\/index.php\/wp-json\/wp\/v2\/posts"}],"about":[{"href":"https:\/\/grenierdecourbevoie.fr\/index.php\/wp-json\/wp\/v2\/types\/post"}],"author":[{"embeddable":true,"href":"https:\/\/grenierdecourbevoie.fr\/index.php\/wp-json\/wp\/v2\/users\/1"}],"replies":[{"embeddable":true,"href":"https:\/\/grenierdecourbevoie.fr\/index.php\/wp-json\/wp\/v2\/comments?post=1365"}],"version-history":[{"count":1,"href":"https:\/\/grenierdecourbevoie.fr\/index.php\/wp-json\/wp\/v2\/posts\/1365\/revisions"}],"predecessor-version":[{"id":1366,"href":"https:\/\/grenierdecourbevoie.fr\/index.php\/wp-json\/wp\/v2\/posts\/1365\/revisions\/1366"}],"wp:attachment":[{"href":"https:\/\/grenierdecourbevoie.fr\/index.php\/wp-json\/wp\/v2\/media?parent=1365"}],"wp:term":[{"taxonomy":"category","embeddable":true,"href":"https:\/\/grenierdecourbevoie.fr\/index.php\/wp-json\/wp\/v2\/categories?post=1365"},{"taxonomy":"post_tag","embeddable":true,"href":"https:\/\/grenierdecourbevoie.fr\/index.php\/wp-json\/wp\/v2\/tags?post=1365"}],"curies":[{"name":"wp","href":"https:\/\/api.w.org\/{rel}","templated":true}]}}