{"id":1434,"date":"2024-04-16T22:50:15","date_gmt":"2024-04-16T20:50:15","guid":{"rendered":"https:\/\/grenierdecourbevoie.fr\/?p=1434"},"modified":"2024-04-16T22:50:16","modified_gmt":"2024-04-16T20:50:16","slug":"les-nuits-de-la-peur","status":"publish","type":"post","link":"https:\/\/grenierdecourbevoie.fr\/index.php\/2024\/04\/16\/les-nuits-de-la-peur\/","title":{"rendered":"Les nuits de la peur"},"content":{"rendered":"\n<p class=\"wp-block-paragraph\">Mon p\u00e8re \u00e9tait professeur d\u2019universit\u00e9 \u00e0 Lyon, docteur \u00e8s Lettres. Nous \u00e9tions une famille de 5 enfants et j\u2019\u00e9tais la derni\u00e8re.<\/p>\n\n\n\n<p class=\"wp-block-paragraph\">Quand la guerre est arriv\u00e9e, nous avons subi le rationnement comme tout le monde. Parfois quand mon p\u00e8re rencontrait quelqu\u2019un qui lui disait\u00a0: \u00ab\u00a0j\u2019ai telle marchandise. Qu\u2019est que vous me donnez en \u00e9change\u00a0?\u00a0\u00bb Et il r\u00e9pondait avec beaucoup d\u2019humour\u00a0: \u00ab\u00a0Des cours de grec ancien, \u00e7a vous int\u00e9resse\u00a0?\u00a0\u00bb  Autant dire qu\u2019il ne ramenait pas grand-chose \u00e0 la maison.<\/p>\n\n\n\n<p class=\"wp-block-paragraph\">Lyon a subi des bombardements terribles, surtout en 1944.<\/p>\n\n\n\n<p class=\"wp-block-paragraph\">Mes parents \u00e9taient tr\u00e8s protecteurs, mais sans se rendre compte, ils disaient des choses effrayantes, surtout pour une petite fille craintive comme moi. J\u2019avais dix ans. D\u00e8s la nuit tomb\u00e9e, ils disaient&nbsp;: \u00ab&nbsp;Eteignez la lumi\u00e8re, on va la voir de la rue et les Allemands vont venir nous \u00e9gorger dans nos chambres.&nbsp;\u00bb Mon fr\u00e8re ain\u00e9, qui avait six ans de plus que moi, me taquinait et en rajoutait en sachant bien que j\u2019\u00e9tais terroris\u00e9e.<\/p>\n\n\n\n<p class=\"wp-block-paragraph\">Tout cela m\u2019a traumatis\u00e9e \u00e0 tel point que je continue \u00e0 vivre dans la peur. J\u2019ai constamment peur, surtout la nuit, peur de quoi, je n\u2019en sais rien. On ne sait pas de quoi on a peur.<\/p>\n\n\n\n<p class=\"wp-block-paragraph\">Je n\u2019arrive pas \u00e0 me raisonner, m\u00eame apr\u00e8s toutes ces ann\u00e9es.<\/p>\n","protected":false},"excerpt":{"rendered":"<p>Mon p\u00e8re \u00e9tait professeur d\u2019universit\u00e9 \u00e0 Lyon, docteur \u00e8s Lettres. Nous \u00e9tions une famille de 5 enfants et j\u2019\u00e9tais la derni\u00e8re. Quand la guerre est arriv\u00e9e, nous avons subi le rationnement comme tout le&#46;&#46;&#46;<\/p>\n","protected":false},"author":1,"featured_media":0,"comment_status":"open","ping_status":"open","sticky":false,"template":"","format":"standard","meta":{"_crdt_document":"","footnotes":""},"categories":[9,24],"tags":[141,376,892,249,1502],"class_list":["post-1434","post","type-post","status-publish","format-standard","hentry","category-enfance","category-guerre","tag-bombardement","tag-deuxieme-guerre-mondiale","tag-lyon","tag-peur","tag-trauma"],"jetpack_featured_media_url":"","_links":{"self":[{"href":"https:\/\/grenierdecourbevoie.fr\/index.php\/wp-json\/wp\/v2\/posts\/1434","targetHints":{"allow":["GET"]}}],"collection":[{"href":"https:\/\/grenierdecourbevoie.fr\/index.php\/wp-json\/wp\/v2\/posts"}],"about":[{"href":"https:\/\/grenierdecourbevoie.fr\/index.php\/wp-json\/wp\/v2\/types\/post"}],"author":[{"embeddable":true,"href":"https:\/\/grenierdecourbevoie.fr\/index.php\/wp-json\/wp\/v2\/users\/1"}],"replies":[{"embeddable":true,"href":"https:\/\/grenierdecourbevoie.fr\/index.php\/wp-json\/wp\/v2\/comments?post=1434"}],"version-history":[{"count":1,"href":"https:\/\/grenierdecourbevoie.fr\/index.php\/wp-json\/wp\/v2\/posts\/1434\/revisions"}],"predecessor-version":[{"id":1435,"href":"https:\/\/grenierdecourbevoie.fr\/index.php\/wp-json\/wp\/v2\/posts\/1434\/revisions\/1435"}],"wp:attachment":[{"href":"https:\/\/grenierdecourbevoie.fr\/index.php\/wp-json\/wp\/v2\/media?parent=1434"}],"wp:term":[{"taxonomy":"category","embeddable":true,"href":"https:\/\/grenierdecourbevoie.fr\/index.php\/wp-json\/wp\/v2\/categories?post=1434"},{"taxonomy":"post_tag","embeddable":true,"href":"https:\/\/grenierdecourbevoie.fr\/index.php\/wp-json\/wp\/v2\/tags?post=1434"}],"curies":[{"name":"wp","href":"https:\/\/api.w.org\/{rel}","templated":true}]}}