{"id":1436,"date":"2024-04-17T11:05:53","date_gmt":"2024-04-17T09:05:53","guid":{"rendered":"https:\/\/grenierdecourbevoie.fr\/?p=1436"},"modified":"2024-04-17T11:05:54","modified_gmt":"2024-04-17T09:05:54","slug":"clandestine","status":"publish","type":"post","link":"https:\/\/grenierdecourbevoie.fr\/index.php\/2024\/04\/17\/clandestine\/","title":{"rendered":"Clandestine"},"content":{"rendered":"\n<p class=\"wp-block-paragraph\">Je suis arriv\u00e9e du Cap Vert en 1985. Je suis venue parce que j\u2019avais une ni\u00e8ce qui travaillait \u00e0 Luxembourg et je me suis dit \u00ab&nbsp;Pourquoi ne pas venir en Europe, moi aussi&nbsp;?&nbsp;\u00bb<\/p>\n\n\n\n<p class=\"wp-block-paragraph\">Je suis arriv\u00e9e en France avec un visa de tourisme de trois mois. Et je suis rest\u00e9e.<\/p>\n\n\n\n<p class=\"wp-block-paragraph\">Au d\u00e9but, c\u2019\u00e9tait difficile. Jai eu envie de repartir. Je me disais&nbsp;: \u00ab&nbsp;Mais pourquoi tu es venue ici&nbsp;?&nbsp;\u00bb<\/p>\n\n\n\n<p class=\"wp-block-paragraph\">Mais \u00e7a n\u2019a pas dur\u00e9 longtemps.<\/p>\n\n\n\n<p class=\"wp-block-paragraph\">Je n\u2019avais pas de papiers et forc\u00e9ment, j\u2019avais tr\u00e8s pur d\u2019\u00eatre contr\u00f4l\u00e9e par la police.<\/p>\n\n\n\n<p class=\"wp-block-paragraph\">Je me suis mari\u00e9e avec un Capverdien et j\u2019ai eu deux enfants.<\/p>\n\n\n\n<p class=\"wp-block-paragraph\">J\u2019ai demand\u00e9 \u00e0 \u00eatre naturalis\u00e9e et je suis devenue officiellement fran\u00e7aise en 1997, au bout de douze ans.<\/p>\n\n\n\n<p class=\"wp-block-paragraph\">&nbsp;J\u2019ai toujours fait des m\u00e9nages et travaill\u00e9 dur et surtout, j\u2019ai toujours fait tr\u00e8s attention \u00e0 bien respecter les r\u00e8gles. Je ne regrette pas d\u2019\u00eatre venue, m\u00eame si j\u2019aime mes \u00eeles.<\/p>\n\n\n\n<p class=\"wp-block-paragraph\">Mes enfants ont choisi d\u2019\u00eatre fran\u00e7ais quand ils ont eu treize ans.<\/p>\n","protected":false},"excerpt":{"rendered":"<p>Je suis arriv\u00e9e du Cap Vert en 1985. Je suis venue parce que j\u2019avais une ni\u00e8ce qui travaillait \u00e0 Luxembourg et je me suis dit \u00ab&nbsp;Pourquoi ne pas venir en Europe, moi aussi&nbsp;?&nbsp;\u00bb Je&#46;&#46;&#46;<\/p>\n","protected":false},"author":1,"featured_media":0,"comment_status":"open","ping_status":"open","sticky":false,"template":"","format":"standard","meta":{"_crdt_document":"","footnotes":""},"categories":[7],"tags":[1503,276],"class_list":["post-1436","post","type-post","status-publish","format-standard","hentry","category-voyage","tag-cap-vert-2","tag-sans-papier"],"jetpack_featured_media_url":"","_links":{"self":[{"href":"https:\/\/grenierdecourbevoie.fr\/index.php\/wp-json\/wp\/v2\/posts\/1436","targetHints":{"allow":["GET"]}}],"collection":[{"href":"https:\/\/grenierdecourbevoie.fr\/index.php\/wp-json\/wp\/v2\/posts"}],"about":[{"href":"https:\/\/grenierdecourbevoie.fr\/index.php\/wp-json\/wp\/v2\/types\/post"}],"author":[{"embeddable":true,"href":"https:\/\/grenierdecourbevoie.fr\/index.php\/wp-json\/wp\/v2\/users\/1"}],"replies":[{"embeddable":true,"href":"https:\/\/grenierdecourbevoie.fr\/index.php\/wp-json\/wp\/v2\/comments?post=1436"}],"version-history":[{"count":1,"href":"https:\/\/grenierdecourbevoie.fr\/index.php\/wp-json\/wp\/v2\/posts\/1436\/revisions"}],"predecessor-version":[{"id":1437,"href":"https:\/\/grenierdecourbevoie.fr\/index.php\/wp-json\/wp\/v2\/posts\/1436\/revisions\/1437"}],"wp:attachment":[{"href":"https:\/\/grenierdecourbevoie.fr\/index.php\/wp-json\/wp\/v2\/media?parent=1436"}],"wp:term":[{"taxonomy":"category","embeddable":true,"href":"https:\/\/grenierdecourbevoie.fr\/index.php\/wp-json\/wp\/v2\/categories?post=1436"},{"taxonomy":"post_tag","embeddable":true,"href":"https:\/\/grenierdecourbevoie.fr\/index.php\/wp-json\/wp\/v2\/tags?post=1436"}],"curies":[{"name":"wp","href":"https:\/\/api.w.org\/{rel}","templated":true}]}}