{"id":1438,"date":"2024-04-19T09:51:22","date_gmt":"2024-04-19T07:51:22","guid":{"rendered":"https:\/\/grenierdecourbevoie.fr\/?p=1438"},"modified":"2024-04-19T09:51:23","modified_gmt":"2024-04-19T07:51:23","slug":"fiancailles-precoces","status":"publish","type":"post","link":"https:\/\/grenierdecourbevoie.fr\/index.php\/2024\/04\/19\/fiancailles-precoces\/","title":{"rendered":"Fian\u00e7ailles pr\u00e9coces"},"content":{"rendered":"\n<p class=\"wp-block-paragraph\">Les familles de mes parents habitaient le village d\u2019Haussonvillers en Kabylie. C\u2019\u00e9tait un des villages de la r\u00e9gion peupl\u00e9s d\u2019Alsaciens venus s\u2019installer l\u00e0 apr\u00e8s la guerre de 1871.<\/p>\n\n\n\n<p class=\"wp-block-paragraph\">Ma m\u00e8re devait avoir quatre ans \u00e0 l\u2019\u00e9poque et elle \u00e9tait blottie dans les bras de Fatma, sa nounou, quand mon p\u00e8re les rencontra. Il les regarda toutes les deux du haut de ses 13 ans et fut frapp\u00e9 par la beaut\u00e9 de cette petite fille. Il d\u00e9clara alors solennellement que quand ils seraient tous les deux plus grands, il l\u2019\u00e9pouserait.<\/p>\n\n\n\n<p class=\"wp-block-paragraph\">En juin 1962, peu de temps avant l\u2019ind\u00e9pendance de l\u2019Alg\u00e9rie et le d\u00e9part forc\u00e9 vers la France des Pieds noirs alsaciens, mon p\u00e8re tint sa promesse et \u00e9pousa la belle jeune fille qu\u2019elle \u00e9tait devenue.<\/p>\n","protected":false},"excerpt":{"rendered":"<p>Les familles de mes parents habitaient le village d\u2019Haussonvillers en Kabylie. C\u2019\u00e9tait un des villages de la r\u00e9gion peupl\u00e9s d\u2019Alsaciens venus s\u2019installer l\u00e0 apr\u00e8s la guerre de 1871. Ma m\u00e8re devait avoir quatre ans&#46;&#46;&#46;<\/p>\n","protected":false},"author":1,"featured_media":0,"comment_status":"open","ping_status":"open","sticky":false,"template":"","format":"standard","meta":{"_crdt_document":"","footnotes":""},"categories":[6,9,24],"tags":[16,273,1505,18,1504],"class_list":["post-1438","post","type-post","status-publish","format-standard","hentry","category-amour","category-enfance","category-guerre","tag-algerie","tag-alsace","tag-haussonvillers","tag-kabylie","tag-pieds-noirs-2"],"jetpack_featured_media_url":"","_links":{"self":[{"href":"https:\/\/grenierdecourbevoie.fr\/index.php\/wp-json\/wp\/v2\/posts\/1438","targetHints":{"allow":["GET"]}}],"collection":[{"href":"https:\/\/grenierdecourbevoie.fr\/index.php\/wp-json\/wp\/v2\/posts"}],"about":[{"href":"https:\/\/grenierdecourbevoie.fr\/index.php\/wp-json\/wp\/v2\/types\/post"}],"author":[{"embeddable":true,"href":"https:\/\/grenierdecourbevoie.fr\/index.php\/wp-json\/wp\/v2\/users\/1"}],"replies":[{"embeddable":true,"href":"https:\/\/grenierdecourbevoie.fr\/index.php\/wp-json\/wp\/v2\/comments?post=1438"}],"version-history":[{"count":1,"href":"https:\/\/grenierdecourbevoie.fr\/index.php\/wp-json\/wp\/v2\/posts\/1438\/revisions"}],"predecessor-version":[{"id":1439,"href":"https:\/\/grenierdecourbevoie.fr\/index.php\/wp-json\/wp\/v2\/posts\/1438\/revisions\/1439"}],"wp:attachment":[{"href":"https:\/\/grenierdecourbevoie.fr\/index.php\/wp-json\/wp\/v2\/media?parent=1438"}],"wp:term":[{"taxonomy":"category","embeddable":true,"href":"https:\/\/grenierdecourbevoie.fr\/index.php\/wp-json\/wp\/v2\/categories?post=1438"},{"taxonomy":"post_tag","embeddable":true,"href":"https:\/\/grenierdecourbevoie.fr\/index.php\/wp-json\/wp\/v2\/tags?post=1438"}],"curies":[{"name":"wp","href":"https:\/\/api.w.org\/{rel}","templated":true}]}}