{"id":146,"date":"2022-10-15T17:01:47","date_gmt":"2022-10-15T15:01:47","guid":{"rendered":"http:\/\/grenierdecourbevoie.fr\/?p=146"},"modified":"2022-11-01T18:33:46","modified_gmt":"2022-11-01T17:33:46","slug":"la-vie-de-jeanne","status":"publish","type":"post","link":"https:\/\/grenierdecourbevoie.fr\/index.php\/2022\/10\/15\/la-vie-de-jeanne\/","title":{"rendered":"La vie de Jeanne"},"content":{"rendered":"\n<p class=\"wp-block-paragraph\">Ma m\u00e8re \u00e9tait serveuse dans les restaurants. On habitait dans le 11\u00e8 \u00e0 Paris. Elle avait quitt\u00e9 sa famille en Alsace parce qu\u2019elle disait qu\u2019elle \u00e9tait la seule \u00e0 tout faire pour tous las autres, ses parents et ses fr\u00e8res.<\/p>\n\n\n\n<p class=\"wp-block-paragraph\">Elle \u00e9tait \u00e9nergique, travailleuse et propre mais quand elle m\u2019a eue, elle \u00e9tait seule. Mon p\u00e8re&nbsp;? Aucune id\u00e9e. Avec son emploi, elle ne pouvait pas s\u2019occuper d\u2019une petite fille et elle m\u2019a mise \u00e0 l\u2019Assistance Publique. Ils m\u2019ont trouv\u00e9e une famille d\u2019accueil en Sa\u00f4ne et Loire.<\/p>\n\n\n\n<p class=\"wp-block-paragraph\">J\u2019\u00e9tais tellement heureuse avec eux, c\u2019\u00e9taient des braves gens, ils me g\u00e2taient et puis au bout de sept ou huit ans, ma m\u00e8re a d\u00e9cid\u00e9 de me reprendre. Excusez-moi, m\u00eame \u00e0 mon \u00e2ge, \u00e7a me fait encore pleurer de penser \u00e0 eux.<\/p>\n\n\n\n<p class=\"wp-block-paragraph\">Forc\u00e9ment, ma m\u00e8re ne savait toujours pas quoi faire de moi. J\u2019en ai vu des hommes qui sont pass\u00e9s \u00e0 la maison. C\u2019est arriv\u00e9 que le suivant arrivait avant le d\u00e9part du pr\u00e9c\u00e9dent. \u00c7a faisait des histoires.<\/p>\n\n\n\n<p class=\"wp-block-paragraph\">Alors, pour \u00eatre tranquille de mon c\u00f4t\u00e9, elle a trouv\u00e9 un endroit o\u00f9 elle n\u2019aurait plus \u00e0 se faire de soucis pour moi. Elle m\u2019a accompagn\u00e9e au Pensionnat des Violettes \u00e0 Courbevoie, l\u00e0 o\u00f9 ils ont mis la biblioth\u00e8que aujourd\u2019hui. C\u2019\u00e9tait en 1945, j\u2019avais pas 15 ans. On a sonn\u00e9 \u00e0 une petite porte rue Kruger et un jeune homme est venu ouvrir. J\u2019ai su apr\u00e8s qu\u2019il travaillait \u00e0 la poste en trois-huit et il compl\u00e9tait en faisant des petites choses dans l\u2019institution religieuse. Les dames ont bien voulu me prendre, alors ma m\u00e8re est all\u00e9e chercher mes affaires le jour m\u00eame et \u00e7a a \u00e9t\u00e9 le premier jour de la trentaine d\u2019ann\u00e9es que j\u2019ai pass\u00e9es l\u00e0.<\/p>\n\n\n\n<p class=\"wp-block-paragraph\">Les filles comme moi avaient toutes des vies fracass\u00e9es. On fabriquait des fleurs en tissu pour d\u00e9corer les v\u00eatements. Il y avait une cadence \u00e0 respecter. La surveillante criait&nbsp;\u00bb Il est juste&nbsp;!&nbsp;\u00bb et on \u00e9tait cens\u00e9es avoir terminer notre fleur. Tout \u00e7a, c\u2019\u00e9tait revendu \u00e0 des maisons de mode, m\u00eame \u00e0 l\u2019\u00e9tranger, et puis \u00e7a payait notre pension. On ne touchait rien, nous.<\/p>\n\n\n\n<p class=\"wp-block-paragraph\">On nous enfon\u00e7ait la religion dans la t\u00eate \u00e0 longueur de journ\u00e9e et surtout on nous surveillait pour ne pas qu\u2019on rencontre de gar\u00e7ons ou bien qu\u2019on ait des \u00ab&nbsp;amiti\u00e9s particuli\u00e8res \u00ab&nbsp;entre nous.<\/p>\n\n\n\n<p class=\"wp-block-paragraph\">On n\u2019avait pas le droit de rester plus de cinq minutes avec la m\u00eame amie pendant les r\u00e9cr\u00e9ations.<\/p>\n\n\n\n<p class=\"wp-block-paragraph\">En revanche, je me souviens avoir ouvert la porte trop vite et avoir vu un pr\u00eatre qui nous rendait visite avec une petite fille sur les genoux.<\/p>\n\n\n\n<p class=\"wp-block-paragraph\">Ma m\u00e8re ne venait presque plus me voir, elle avait sa vie\u2026<\/p>\n\n\n\n<p class=\"wp-block-paragraph\">Le dimanche, on faisait de courtes promenades en groupe et puis on rentrait aux Violettes.<\/p>\n\n\n\n<p class=\"wp-block-paragraph\">Je travaillais dur, j\u2019y croyais.<\/p>\n\n\n\n<p class=\"wp-block-paragraph\">Je suis rest\u00e9e l\u00e0 si longtemps que je ne me souviens plus quand j\u2019en suis partie.<\/p>\n\n\n\n<p class=\"wp-block-paragraph\">Mais je suis repass\u00e9e un jour par le pensionnat et j\u2019ai revu le jeune homme que j\u2019avais crois\u00e9 la premi\u00e8re fois. Il n\u2019\u00e9tait plus tout jeune, il \u00e9tait m\u00eame veuf, mais on s\u2019\u00e9tait c\u00f4toy\u00e9s pendant des ann\u00e9es, il \u00e9tait gentil, alors on s\u2019est mari\u00e9s. J\u2019avais plus de quarante ans. Il est mort quelques ann\u00e9es plus tard. Aujourd\u2019hui, j\u2019ai 93 ans.<\/p>\n\n\n\n<p class=\"wp-block-paragraph\">C\u2019\u00e9tait une dr\u00f4le de vie.<\/p>\n","protected":false},"excerpt":{"rendered":"<p>Ma m\u00e8re \u00e9tait serveuse dans les restaurants. On habitait dans le 11\u00e8 \u00e0 Paris. Elle avait quitt\u00e9 sa famille en Alsace parce qu\u2019elle disait qu\u2019elle \u00e9tait la seule \u00e0 tout faire pour tous las&#46;&#46;&#46;<\/p>\n","protected":false},"author":1,"featured_media":691,"comment_status":"closed","ping_status":"closed","sticky":false,"template":"","format":"standard","meta":{"_crdt_document":"","footnotes":""},"categories":[6,9,14,28],"tags":[172,175,177,181,68,180,178,176,173,128,179,174],"class_list":["post-146","post","type-post","status-publish","format-standard","has-post-thumbnail","hentry","category-amour","category-enfance","category-temoignages","category-travail","tag-172","tag-assitance-publique","tag-bibliotheque","tag-couturiers","tag-enfant","tag-fleurs-en-tissu","tag-institution-religieuse","tag-pauvrete","tag-pensionnat-des-violettes","tag-religion","tag-rue-kruger","tag-violettes"],"jetpack_featured_media_url":"https:\/\/grenierdecourbevoie.fr\/wp-content\/uploads\/2022\/10\/Bibliochateau-lariviere1905.jpg","_links":{"self":[{"href":"https:\/\/grenierdecourbevoie.fr\/index.php\/wp-json\/wp\/v2\/posts\/146","targetHints":{"allow":["GET"]}}],"collection":[{"href":"https:\/\/grenierdecourbevoie.fr\/index.php\/wp-json\/wp\/v2\/posts"}],"about":[{"href":"https:\/\/grenierdecourbevoie.fr\/index.php\/wp-json\/wp\/v2\/types\/post"}],"author":[{"embeddable":true,"href":"https:\/\/grenierdecourbevoie.fr\/index.php\/wp-json\/wp\/v2\/users\/1"}],"replies":[{"embeddable":true,"href":"https:\/\/grenierdecourbevoie.fr\/index.php\/wp-json\/wp\/v2\/comments?post=146"}],"version-history":[{"count":1,"href":"https:\/\/grenierdecourbevoie.fr\/index.php\/wp-json\/wp\/v2\/posts\/146\/revisions"}],"predecessor-version":[{"id":147,"href":"https:\/\/grenierdecourbevoie.fr\/index.php\/wp-json\/wp\/v2\/posts\/146\/revisions\/147"}],"wp:featuredmedia":[{"embeddable":true,"href":"https:\/\/grenierdecourbevoie.fr\/index.php\/wp-json\/wp\/v2\/media\/691"}],"wp:attachment":[{"href":"https:\/\/grenierdecourbevoie.fr\/index.php\/wp-json\/wp\/v2\/media?parent=146"}],"wp:term":[{"taxonomy":"category","embeddable":true,"href":"https:\/\/grenierdecourbevoie.fr\/index.php\/wp-json\/wp\/v2\/categories?post=146"},{"taxonomy":"post_tag","embeddable":true,"href":"https:\/\/grenierdecourbevoie.fr\/index.php\/wp-json\/wp\/v2\/tags?post=146"}],"curies":[{"name":"wp","href":"https:\/\/api.w.org\/{rel}","templated":true}]}}