{"id":1487,"date":"2024-05-13T09:53:35","date_gmt":"2024-05-13T07:53:35","guid":{"rendered":"https:\/\/grenierdecourbevoie.fr\/?p=1487"},"modified":"2024-05-13T09:53:36","modified_gmt":"2024-05-13T07:53:36","slug":"les-annees-2000-a-courbevoie","status":"publish","type":"post","link":"https:\/\/grenierdecourbevoie.fr\/index.php\/2024\/05\/13\/les-annees-2000-a-courbevoie\/","title":{"rendered":"Les ann\u00e9es 2000 \u00e0 Courbevoie"},"content":{"rendered":"\n<p class=\"wp-block-paragraph\">Quand mon p\u00e8re a commenc\u00e9 \u00e0 travailler \u00e0 Courbevoie, dans le quartier du Faubourg de l&#8217;Arche en 2000, il y avait encore l&#8217;usine Cadum (Colgate-Palmolive) et le quartier ouvrier autour. Il y avait une grande usine principalement en brique et plein de petites maisons en brique aussi.&nbsp;<\/p>\n\n\n\n<p class=\"wp-block-paragraph\">C&#8217;est \u00e0 cette \u00e9poque qu&#8217;ils ont commenc\u00e9 \u00e0 les d\u00e9truire pour construire de grands immeubles d&#8217;habitation et d\u2019immenses tours de bureaux. De nouvelles rues sont apparues. La rue des Lilas d&#8217;Espagne s&#8217;appelait rue du Mans, la rue des \u00c9tudiants s\u2019appelait rue de Caen et le Parc du Mill\u00e9naire et la rue Puvis de Chavanne n&#8217;existaient pas. Il n&#8217;y avait pas de tramway non plus sur le boulevard de la Mission Marchand car il s\u2019arr\u00eatait \u00e0 La D\u00e9fense.<\/p>\n\n\n\n<p class=\"wp-block-paragraph\">Il y avait aussi des gitans qu&#8217;on appelait &#8220;les casseurs&#8221; \u00e0 la limite de Nanterre.<\/p>\n\n\n\n<p class=\"wp-block-paragraph\">Le quartier s&#8217;est tr\u00e8s rapidement transform\u00e9 et les grands immeubles ont pouss\u00e9 comme des champignons en quelques ann\u00e9es.<\/p>\n","protected":false},"excerpt":{"rendered":"<p>Quand mon p\u00e8re a commenc\u00e9 \u00e0 travailler \u00e0 Courbevoie, dans le quartier du Faubourg de l&#8217;Arche en 2000, il y avait encore l&#8217;usine Cadum (Colgate-Palmolive) et le quartier ouvrier autour. Il y avait une&#46;&#46;&#46;<\/p>\n","protected":false},"author":1,"featured_media":0,"comment_status":"open","ping_status":"open","sticky":false,"template":"","format":"standard","meta":{"_crdt_document":"","footnotes":""},"categories":[14],"tags":[1536,1535,1530,1529,1297,1531,1532,1533,1537,1534],"class_list":["post-1487","post","type-post","status-publish","format-standard","hentry","category-temoignages","tag-cadum","tag-caen","tag-etudiants","tag-faubourg-de-larche","tag-la-defense","tag-le-mans","tag-lilas-despagne","tag-millenaire","tag-mission-marchand","tag-puvis-de-chavanne"],"jetpack_featured_media_url":"","_links":{"self":[{"href":"https:\/\/grenierdecourbevoie.fr\/index.php\/wp-json\/wp\/v2\/posts\/1487","targetHints":{"allow":["GET"]}}],"collection":[{"href":"https:\/\/grenierdecourbevoie.fr\/index.php\/wp-json\/wp\/v2\/posts"}],"about":[{"href":"https:\/\/grenierdecourbevoie.fr\/index.php\/wp-json\/wp\/v2\/types\/post"}],"author":[{"embeddable":true,"href":"https:\/\/grenierdecourbevoie.fr\/index.php\/wp-json\/wp\/v2\/users\/1"}],"replies":[{"embeddable":true,"href":"https:\/\/grenierdecourbevoie.fr\/index.php\/wp-json\/wp\/v2\/comments?post=1487"}],"version-history":[{"count":1,"href":"https:\/\/grenierdecourbevoie.fr\/index.php\/wp-json\/wp\/v2\/posts\/1487\/revisions"}],"predecessor-version":[{"id":1488,"href":"https:\/\/grenierdecourbevoie.fr\/index.php\/wp-json\/wp\/v2\/posts\/1487\/revisions\/1488"}],"wp:attachment":[{"href":"https:\/\/grenierdecourbevoie.fr\/index.php\/wp-json\/wp\/v2\/media?parent=1487"}],"wp:term":[{"taxonomy":"category","embeddable":true,"href":"https:\/\/grenierdecourbevoie.fr\/index.php\/wp-json\/wp\/v2\/categories?post=1487"},{"taxonomy":"post_tag","embeddable":true,"href":"https:\/\/grenierdecourbevoie.fr\/index.php\/wp-json\/wp\/v2\/tags?post=1487"}],"curies":[{"name":"wp","href":"https:\/\/api.w.org\/{rel}","templated":true}]}}