{"id":1513,"date":"2024-05-13T18:42:01","date_gmt":"2024-05-13T16:42:01","guid":{"rendered":"https:\/\/grenierdecourbevoie.fr\/?p=1513"},"modified":"2024-05-13T18:42:02","modified_gmt":"2024-05-13T16:42:02","slug":"golden-day","status":"publish","type":"post","link":"https:\/\/grenierdecourbevoie.fr\/index.php\/2024\/05\/13\/golden-day\/","title":{"rendered":"Golden Day"},"content":{"rendered":"\n<p class=\"wp-block-paragraph\">Un dimanche apr\u00e8s-midi, ma m\u00e8re \u00e2g\u00e9e de 9 ans, se promenait sur les quais de Seine \u00e0 Paris avec son grand-fr\u00e8re de 23 ans. Ils entr\u00e8rent dans une animalerie et furent subjugu\u00e9s devant un adorable chiot roux avec des oreilles tombantes. Sans r\u00e9fl\u00e9chir davantage, son fr\u00e8re acheta le chiot.<\/p>\n\n\n\n<p class=\"wp-block-paragraph\">Sur le chemin du retour, ma m\u00e8re porta tout le long ce petit chiot qui pesait quand m\u00eame plus de de 6 kg&nbsp;! C\u2019\u00e9tait un fardeau extr\u00eamement lourd pour une petite fille, mais ma m\u00e8re ne voulait surtout pas s&#8217;en s\u00e9parer.<\/p>\n\n\n\n<p class=\"wp-block-paragraph\">Apr\u00e8s l&#8217;euphorie, ce fut le moment de v\u00e9rit\u00e9&nbsp;: ma m\u00e8re et son fr\u00e8re rentr\u00e8rent chez eux et l\u00e0, leurs parents stup\u00e9faits leur demand\u00e8rent : \u00ab&nbsp;Mais, qu&#8217;est-ce que c\u2019est que ce chien ?&nbsp;\u00bb Le fr\u00e8re et la s\u0153ur se regard\u00e8rent d&#8217;un air complice et r\u00e9pondirent : \u00ab&nbsp;On a craqu\u00e9, mais vous allez voir, il est tr\u00e8s gentil.&nbsp;\u00bb<\/p>\n\n\n\n<p class=\"wp-block-paragraph\">Ce que ma m\u00e8re et son fr\u00e8re n&#8217;avaient pas dit, c&#8217;est que leur adorable chiot \u00e9tait en fait un Golden Retriever et qu&#8217;il allait peser 35 kg \u00e0 l\u2019\u00e2ge adulte ! Comment r\u00e9sister \u00e0 un b\u00e9b\u00e9 Golden&nbsp;?<\/p>\n\n\n\n<p class=\"wp-block-paragraph\">Ce fut un jour inoubliable pour ma m\u00e8re et ce chien devint son meilleur ami pendant de tr\u00e8s nombreuses ann\u00e9es.<\/p>\n","protected":false},"excerpt":{"rendered":"<p>Un dimanche apr\u00e8s-midi, ma m\u00e8re \u00e2g\u00e9e de 9 ans, se promenait sur les quais de Seine \u00e0 Paris avec son grand-fr\u00e8re de 23 ans. Ils entr\u00e8rent dans une animalerie et furent subjugu\u00e9s devant un adorable chiot roux avec des oreilles tombantes. Sans r\u00e9fl\u00e9chir davantage, son fr\u00e8re acheta le chiot. Sur le chemin du retour, ma [&hellip;]<\/p>\n","protected":false},"author":1,"featured_media":0,"comment_status":"open","ping_status":"open","sticky":false,"template":"","format":"standard","meta":{"footnotes":""},"categories":[10,9],"tags":[1558,1557],"class_list":["post-1513","post","type-post","status-publish","format-standard","hentry","category-animaux","category-enfance","tag-golden-retriever","tag-quai-de-seine"],"jetpack_featured_media_url":"","_links":{"self":[{"href":"https:\/\/grenierdecourbevoie.fr\/index.php\/wp-json\/wp\/v2\/posts\/1513","targetHints":{"allow":["GET"]}}],"collection":[{"href":"https:\/\/grenierdecourbevoie.fr\/index.php\/wp-json\/wp\/v2\/posts"}],"about":[{"href":"https:\/\/grenierdecourbevoie.fr\/index.php\/wp-json\/wp\/v2\/types\/post"}],"author":[{"embeddable":true,"href":"https:\/\/grenierdecourbevoie.fr\/index.php\/wp-json\/wp\/v2\/users\/1"}],"replies":[{"embeddable":true,"href":"https:\/\/grenierdecourbevoie.fr\/index.php\/wp-json\/wp\/v2\/comments?post=1513"}],"version-history":[{"count":1,"href":"https:\/\/grenierdecourbevoie.fr\/index.php\/wp-json\/wp\/v2\/posts\/1513\/revisions"}],"predecessor-version":[{"id":1514,"href":"https:\/\/grenierdecourbevoie.fr\/index.php\/wp-json\/wp\/v2\/posts\/1513\/revisions\/1514"}],"wp:attachment":[{"href":"https:\/\/grenierdecourbevoie.fr\/index.php\/wp-json\/wp\/v2\/media?parent=1513"}],"wp:term":[{"taxonomy":"category","embeddable":true,"href":"https:\/\/grenierdecourbevoie.fr\/index.php\/wp-json\/wp\/v2\/categories?post=1513"},{"taxonomy":"post_tag","embeddable":true,"href":"https:\/\/grenierdecourbevoie.fr\/index.php\/wp-json\/wp\/v2\/tags?post=1513"}],"curies":[{"name":"wp","href":"https:\/\/api.w.org\/{rel}","templated":true}]}}