{"id":162,"date":"2022-10-15T17:25:17","date_gmt":"2022-10-15T15:25:17","guid":{"rendered":"http:\/\/grenierdecourbevoie.fr\/?p=162"},"modified":"2022-10-15T17:25:18","modified_gmt":"2022-10-15T15:25:18","slug":"le-mot-magique","status":"publish","type":"post","link":"https:\/\/grenierdecourbevoie.fr\/index.php\/2022\/10\/15\/le-mot-magique\/","title":{"rendered":"Le mot magique"},"content":{"rendered":"\n<p class=\"wp-block-paragraph\">Quand j\u2019\u00e9tais encore un nourrisson de 6 mois, un beau soir, mon p\u00e8re qui rentrait tard du travail avait oubli\u00e9 ses clefs. Alors, \u00e0 deux heures du matin, pendant que je dormais profond\u00e9ment dans mon berceau, il a pr\u00e9venu ma m\u00e8re par message en disant qu\u2019il \u00e9tait en route pour rentrer et qu\u2019il serait bient\u00f4t l\u00e0.<\/p>\n\n\n\n<p class=\"wp-block-paragraph\">Il lui dit de garder son t\u00e9l\u00e9phone \u00e0 port\u00e9e de main pour que la sonnerie du mobile ne me r\u00e9veille pas.<\/p>\n\n\n\n<p class=\"wp-block-paragraph\">Arriv\u00e9 devant la porte, mon p\u00e8re l\u2019appela afin ne pas utiliser la sonnette.<\/p>\n\n\n\n<p class=\"wp-block-paragraph\">Fatigu\u00e9, il posa ses affaires puis ils discut\u00e8rent de tout et de rien jusqu\u2019\u00e0 qu\u2019il s\u2019approche de mon berceau.<\/p>\n\n\n\n<p class=\"wp-block-paragraph\">A deux heures et demi de matin, moi, sentant sa pr\u00e9sence, j\u2019ai attrap\u00e9 avec ma toute petite main l\u2019un des barreaux du berceaux et, toujours endormie, j\u2019ai dit ce petit mot : \u00ab&nbsp;Papa&nbsp;!&nbsp;\u00bb C\u2019\u00e9tait la toute premi\u00e8re fois que je le pronon\u00e7ais.<\/p>\n\n\n\n<p class=\"wp-block-paragraph\">Mes parents \u00e9taient boulevers\u00e9s, mon p\u00e8re avait les larmes aux yeux et ma m\u00e8re \u00e9tait aussi tr\u00e8s \u00e9mue. Il serra ma main encore accroch\u00e9e aux barreaux et me regarda, puis il me prit dans ses bras. Le temps \u00e9tait comme fig\u00e9, il me contempla pendant quelques minutes, une \u00e9ternit\u00e9 pour mes parents. Il s\u2019est ensuite assis sur le canap\u00e9, moi toujours dans ses bras, ma m\u00e8re s\u2019\u00e9tait adoss\u00e9e \u00e0 lui et ils se sont dit qu\u2019ils avaient pass\u00e9 un moment unique.<\/p>\n","protected":false},"excerpt":{"rendered":"<p>Quand j\u2019\u00e9tais encore un nourrisson de 6 mois, un beau soir, mon p\u00e8re qui rentrait tard du travail avait oubli\u00e9 ses clefs. Alors, \u00e0 deux heures du matin, pendant que je dormais profond\u00e9ment dans&#46;&#46;&#46;<\/p>\n","protected":false},"author":1,"featured_media":0,"comment_status":"open","ping_status":"open","sticky":false,"template":"","format":"standard","meta":{"_crdt_document":"","footnotes":""},"categories":[9],"tags":[202,203],"class_list":["post-162","post","type-post","status-publish","format-standard","hentry","category-enfance","tag-bebe","tag-papa"],"jetpack_featured_media_url":"","_links":{"self":[{"href":"https:\/\/grenierdecourbevoie.fr\/index.php\/wp-json\/wp\/v2\/posts\/162","targetHints":{"allow":["GET"]}}],"collection":[{"href":"https:\/\/grenierdecourbevoie.fr\/index.php\/wp-json\/wp\/v2\/posts"}],"about":[{"href":"https:\/\/grenierdecourbevoie.fr\/index.php\/wp-json\/wp\/v2\/types\/post"}],"author":[{"embeddable":true,"href":"https:\/\/grenierdecourbevoie.fr\/index.php\/wp-json\/wp\/v2\/users\/1"}],"replies":[{"embeddable":true,"href":"https:\/\/grenierdecourbevoie.fr\/index.php\/wp-json\/wp\/v2\/comments?post=162"}],"version-history":[{"count":1,"href":"https:\/\/grenierdecourbevoie.fr\/index.php\/wp-json\/wp\/v2\/posts\/162\/revisions"}],"predecessor-version":[{"id":163,"href":"https:\/\/grenierdecourbevoie.fr\/index.php\/wp-json\/wp\/v2\/posts\/162\/revisions\/163"}],"wp:attachment":[{"href":"https:\/\/grenierdecourbevoie.fr\/index.php\/wp-json\/wp\/v2\/media?parent=162"}],"wp:term":[{"taxonomy":"category","embeddable":true,"href":"https:\/\/grenierdecourbevoie.fr\/index.php\/wp-json\/wp\/v2\/categories?post=162"},{"taxonomy":"post_tag","embeddable":true,"href":"https:\/\/grenierdecourbevoie.fr\/index.php\/wp-json\/wp\/v2\/tags?post=162"}],"curies":[{"name":"wp","href":"https:\/\/api.w.org\/{rel}","templated":true}]}}