{"id":1638,"date":"2024-05-27T14:34:40","date_gmt":"2024-05-27T12:34:40","guid":{"rendered":"https:\/\/grenierdecourbevoie.fr\/?p=1638"},"modified":"2024-05-27T14:34:40","modified_gmt":"2024-05-27T12:34:40","slug":"le-courage-du-pere","status":"publish","type":"post","link":"https:\/\/grenierdecourbevoie.fr\/index.php\/2024\/05\/27\/le-courage-du-pere\/","title":{"rendered":"Le courage du p\u00e8re"},"content":{"rendered":"<p>Aujourd&#8217;hui je vais vous parler de l&#8217;histoire de ma maman. A l\u2019\u00e2ge de 3 mois, elle est tomb\u00e9e gravement malade. A cette \u00e9poque-l\u00e0, elle vivait avec ses parents \u00e0 Vicea, un petit village de campagne de Roumanie, loin des grandes villes. Ils n\u2019avaient bien s\u00fbr pas de voiture et la famille n&#8217;avait m\u00eame pas les moyens de se d\u00e9placer en train en autocar. Alors, son p\u00e8re la prit dans ses bras et l\u2019emmena jusqu\u2019\u00e0 la ville \u00e0 pied. Ce qui rend cette histoire incroyable, c&#8217;est que mon grand-p\u00e8re a parcouru des kilom\u00e8tres \u00e0 pied, \u00e0 travers champs et m\u00eame \u00e0 travers deux for\u00eats. Il a d\u00fb affronter \u00e9galement une grande temp\u00eate sur le chemin avec ma m\u00e8re sur son dos. Quand ils sont arriv\u00e9s \u00e0 l\u2019h\u00f4pital, les m\u00e9decins ont dit \u00e0 mon grand-p\u00e8re que s\u2019ils avaient tard\u00e9 un peu plus, ma m\u00e8re aurait pu mourir de d\u00e9shydratation.<\/p>\n<p>Dans cette histoire j&#8217;ai tir\u00e9 une le\u00e7on que je veux partager avec vous tous : aimez et respectez vos parents, car vous ne savez pas quel sacrifice ils ont endur\u00e9 pour vous.<\/p>\n","protected":false},"excerpt":{"rendered":"<p>Aujourd&#8217;hui je vais vous parler de l&#8217;histoire de ma maman. A l\u2019\u00e2ge de 3 mois, elle est tomb\u00e9e gravement malade. A cette \u00e9poque-l\u00e0, elle vivait avec ses parents \u00e0 Vicea, un petit village de&#46;&#46;&#46;<\/p>\n","protected":false},"author":1,"featured_media":0,"comment_status":"open","ping_status":"open","sticky":false,"template":"","format":"standard","meta":{"_crdt_document":"","footnotes":""},"categories":[15,9],"tags":[1625,1624,632,1623],"class_list":["post-1638","post","type-post","status-publish","format-standard","hentry","category-accidents","category-enfance","tag-deshydratation","tag-roumanie","tag-tempete","tag-vicea"],"jetpack_featured_media_url":"","_links":{"self":[{"href":"https:\/\/grenierdecourbevoie.fr\/index.php\/wp-json\/wp\/v2\/posts\/1638","targetHints":{"allow":["GET"]}}],"collection":[{"href":"https:\/\/grenierdecourbevoie.fr\/index.php\/wp-json\/wp\/v2\/posts"}],"about":[{"href":"https:\/\/grenierdecourbevoie.fr\/index.php\/wp-json\/wp\/v2\/types\/post"}],"author":[{"embeddable":true,"href":"https:\/\/grenierdecourbevoie.fr\/index.php\/wp-json\/wp\/v2\/users\/1"}],"replies":[{"embeddable":true,"href":"https:\/\/grenierdecourbevoie.fr\/index.php\/wp-json\/wp\/v2\/comments?post=1638"}],"version-history":[{"count":1,"href":"https:\/\/grenierdecourbevoie.fr\/index.php\/wp-json\/wp\/v2\/posts\/1638\/revisions"}],"predecessor-version":[{"id":1639,"href":"https:\/\/grenierdecourbevoie.fr\/index.php\/wp-json\/wp\/v2\/posts\/1638\/revisions\/1639"}],"wp:attachment":[{"href":"https:\/\/grenierdecourbevoie.fr\/index.php\/wp-json\/wp\/v2\/media?parent=1638"}],"wp:term":[{"taxonomy":"category","embeddable":true,"href":"https:\/\/grenierdecourbevoie.fr\/index.php\/wp-json\/wp\/v2\/categories?post=1638"},{"taxonomy":"post_tag","embeddable":true,"href":"https:\/\/grenierdecourbevoie.fr\/index.php\/wp-json\/wp\/v2\/tags?post=1638"}],"curies":[{"name":"wp","href":"https:\/\/api.w.org\/{rel}","templated":true}]}}