{"id":168,"date":"2022-10-15T17:32:07","date_gmt":"2022-10-15T15:32:07","guid":{"rendered":"http:\/\/grenierdecourbevoie.fr\/?p=168"},"modified":"2022-10-15T17:32:08","modified_gmt":"2022-10-15T15:32:08","slug":"lespagnole-de-la-garenne","status":"publish","type":"post","link":"https:\/\/grenierdecourbevoie.fr\/index.php\/2022\/10\/15\/lespagnole-de-la-garenne\/","title":{"rendered":"L&#8217;Espagnole de La Garenne"},"content":{"rendered":"\n<p class=\"wp-block-paragraph\">Mon grand-p\u00e8re m\u2019a racont\u00e9 que mon arri\u00e8re-grand-m\u00e8re \u00e9tait arriv\u00e9e en France pendant la Guerre d\u2019Espagne et qu\u2019elle avait v\u00e9cu dans une sorte d\u2019orphelinat ou de centre pour les r\u00e9fugi\u00e9s \u00e0 La Garenne Colombes et que c\u2019\u00e9tait tr\u00e8s dur au d\u00e9but, parce qu\u2019elle ne comprenait rien et que les gens \u00e9taient tr\u00e8s diff\u00e9rents. Elle a beaucoup pleur\u00e9 au d\u00e9but, mais elle s\u2019est fait de nouveau amis. Plus tard elle a rencontr\u00e9 un Fran\u00e7ais, ils se sont mari\u00e9s et ont form\u00e9 une famille \u00e0 Levallois, ma grand-m\u00e8re y vit toujours aujourd\u2019hui.<\/p>\n","protected":false},"excerpt":{"rendered":"<p>Mon grand-p\u00e8re m\u2019a racont\u00e9 que mon arri\u00e8re-grand-m\u00e8re \u00e9tait arriv\u00e9e en France pendant la Guerre d\u2019Espagne et qu\u2019elle avait v\u00e9cu dans une sorte d\u2019orphelinat ou de centre pour les r\u00e9fugi\u00e9s \u00e0 La Garenne Colombes et&#46;&#46;&#46;<\/p>\n","protected":false},"author":1,"featured_media":0,"comment_status":"open","ping_status":"open","sticky":false,"template":"","format":"standard","meta":{"_crdt_document":"","footnotes":""},"categories":[6,7,24],"tags":[216,218,219,217],"class_list":["post-168","post","type-post","status-publish","format-standard","hentry","category-amour","category-voyage","category-guerre","tag-guerre-despagne","tag-la-garenne","tag-levallois","tag-refugie"],"jetpack_featured_media_url":"","_links":{"self":[{"href":"https:\/\/grenierdecourbevoie.fr\/index.php\/wp-json\/wp\/v2\/posts\/168","targetHints":{"allow":["GET"]}}],"collection":[{"href":"https:\/\/grenierdecourbevoie.fr\/index.php\/wp-json\/wp\/v2\/posts"}],"about":[{"href":"https:\/\/grenierdecourbevoie.fr\/index.php\/wp-json\/wp\/v2\/types\/post"}],"author":[{"embeddable":true,"href":"https:\/\/grenierdecourbevoie.fr\/index.php\/wp-json\/wp\/v2\/users\/1"}],"replies":[{"embeddable":true,"href":"https:\/\/grenierdecourbevoie.fr\/index.php\/wp-json\/wp\/v2\/comments?post=168"}],"version-history":[{"count":1,"href":"https:\/\/grenierdecourbevoie.fr\/index.php\/wp-json\/wp\/v2\/posts\/168\/revisions"}],"predecessor-version":[{"id":169,"href":"https:\/\/grenierdecourbevoie.fr\/index.php\/wp-json\/wp\/v2\/posts\/168\/revisions\/169"}],"wp:attachment":[{"href":"https:\/\/grenierdecourbevoie.fr\/index.php\/wp-json\/wp\/v2\/media?parent=168"}],"wp:term":[{"taxonomy":"category","embeddable":true,"href":"https:\/\/grenierdecourbevoie.fr\/index.php\/wp-json\/wp\/v2\/categories?post=168"},{"taxonomy":"post_tag","embeddable":true,"href":"https:\/\/grenierdecourbevoie.fr\/index.php\/wp-json\/wp\/v2\/tags?post=168"}],"curies":[{"name":"wp","href":"https:\/\/api.w.org\/{rel}","templated":true}]}}