{"id":1696,"date":"2024-06-28T10:34:29","date_gmt":"2024-06-28T08:34:29","guid":{"rendered":"https:\/\/grenierdecourbevoie.fr\/?p=1696"},"modified":"2024-06-28T10:46:06","modified_gmt":"2024-06-28T08:46:06","slug":"coup-de-main-historique","status":"publish","type":"post","link":"https:\/\/grenierdecourbevoie.fr\/index.php\/2024\/06\/28\/coup-de-main-historique\/","title":{"rendered":"Coup de main historique"},"content":{"rendered":"<p>C&#8217;est l&#8217;histoire de mon grand-p\u00e8re&#8230;<\/p>\n<p>Il \u00e9tait membre du conseil municipal de Neuilly et tr\u00e9sorier de son parti pour la ville quand Nicolas Sarkozy a d\u00e9cid\u00e9 de se lancer dans la politique.<\/p>\n<p>Le maire M. Peretti est mort pendant son mandat et Nicolas Sarkozy s\u2019est pr\u00e9sent\u00e9 pour le remplacer. Le vote de mon grand-p\u00e8re a \u00e9t\u00e9 d\u00e9cisif.<\/p>\n<p>C\u2019est donc (en partie) gr\u00e2ce \u00e0 lui que le futur pr\u00e9sident a pu r\u00e9ussir son parcours politique\u00a0!<\/p>\n<p>Il y a m\u00eame une bande dessin\u00e9e qui le mentionne.<\/p>\n","protected":false},"excerpt":{"rendered":"<p>C&#8217;est l&#8217;histoire de mon grand-p\u00e8re&#8230; Il \u00e9tait membre du conseil municipal de Neuilly et tr\u00e9sorier de son parti pour la ville quand Nicolas Sarkozy a d\u00e9cid\u00e9 de se lancer dans la politique. Le maire&#46;&#46;&#46;<\/p>\n","protected":false},"author":1,"featured_media":0,"comment_status":"open","ping_status":"open","sticky":false,"template":"","format":"standard","meta":{"_crdt_document":"","footnotes":""},"categories":[1],"tags":[1029,1475,1656,240,1657],"class_list":["post-1696","post","type-post","status-publish","format-standard","hentry","category-non-classe","tag-mairie","tag-neuilly","tag-politique","tag-president","tag-sarkozy"],"jetpack_featured_media_url":"","_links":{"self":[{"href":"https:\/\/grenierdecourbevoie.fr\/index.php\/wp-json\/wp\/v2\/posts\/1696","targetHints":{"allow":["GET"]}}],"collection":[{"href":"https:\/\/grenierdecourbevoie.fr\/index.php\/wp-json\/wp\/v2\/posts"}],"about":[{"href":"https:\/\/grenierdecourbevoie.fr\/index.php\/wp-json\/wp\/v2\/types\/post"}],"author":[{"embeddable":true,"href":"https:\/\/grenierdecourbevoie.fr\/index.php\/wp-json\/wp\/v2\/users\/1"}],"replies":[{"embeddable":true,"href":"https:\/\/grenierdecourbevoie.fr\/index.php\/wp-json\/wp\/v2\/comments?post=1696"}],"version-history":[{"count":1,"href":"https:\/\/grenierdecourbevoie.fr\/index.php\/wp-json\/wp\/v2\/posts\/1696\/revisions"}],"predecessor-version":[{"id":1697,"href":"https:\/\/grenierdecourbevoie.fr\/index.php\/wp-json\/wp\/v2\/posts\/1696\/revisions\/1697"}],"wp:attachment":[{"href":"https:\/\/grenierdecourbevoie.fr\/index.php\/wp-json\/wp\/v2\/media?parent=1696"}],"wp:term":[{"taxonomy":"category","embeddable":true,"href":"https:\/\/grenierdecourbevoie.fr\/index.php\/wp-json\/wp\/v2\/categories?post=1696"},{"taxonomy":"post_tag","embeddable":true,"href":"https:\/\/grenierdecourbevoie.fr\/index.php\/wp-json\/wp\/v2\/tags?post=1696"}],"curies":[{"name":"wp","href":"https:\/\/api.w.org\/{rel}","templated":true}]}}