{"id":1747,"date":"2024-10-05T11:41:47","date_gmt":"2024-10-05T09:41:47","guid":{"rendered":"https:\/\/grenierdecourbevoie.fr\/?p=1747"},"modified":"2024-10-05T11:42:57","modified_gmt":"2024-10-05T09:42:57","slug":"injustice","status":"publish","type":"post","link":"https:\/\/grenierdecourbevoie.fr\/index.php\/2024\/10\/05\/injustice\/","title":{"rendered":"Injustice"},"content":{"rendered":"<p>Mes parents \u00e9taient instituteurs dans un village de l\u2019Oise. C\u2019\u00e9taient des enseignants qui \u00e9taient fiers de transmettre \u00e0 leurs \u00e9l\u00e8ves non seulement le contenu des programmes mais aussi les valeurs de la R\u00e9publique, en particulier, la la\u00efcit\u00e9 et ils \u00e9taient tr\u00e8s respect\u00e9s. Mon fr\u00e8re n\u2019a pas suivi le m\u00eame chemin. Au moment de la guerre, il admirait Hitler et a adh\u00e9r\u00e9 compl\u00e8tement \u00e0 son id\u00e9ologie au point de s\u2019engager dans la LVF la (L\u00e9gion des volontaires fran\u00e7ais contre le bolch\u00e9visme), une petite arm\u00e9e au service des Nazis. Il a surv\u00e9cu aux combats, mais \u00e0 la Lib\u00e9ration, il a \u00e9t\u00e9 condamn\u00e9 \u00e0 mort et a d\u00fb se cacher et changer d\u2019identit\u00e9. Il n\u2019est plus jamais revenu chez nous.<\/p>\n<p>La suite a \u00e9t\u00e9 terrible pour mes parents. Ils ont subi les injures des gens du village. Des croix gamm\u00e9es ont \u00e9t\u00e9 peintes sur nos volets et ils ont finalement \u00e9t\u00e9 oblig\u00e9s de demander leur mutation dans un lieu o\u00f9 ils ne seraient plus harcel\u00e9s. Ils n\u2019\u00e9taient pour rien dans les d\u00e9rives de leur fils et ils ont, comme moi, v\u00e9cu cette injustice tr\u00e8s douloureusement.<\/p>\n","protected":false},"excerpt":{"rendered":"<p>Mes parents \u00e9taient instituteurs dans un village de l\u2019Oise. C\u2019\u00e9taient des enseignants qui \u00e9taient fiers de transmettre \u00e0 leurs \u00e9l\u00e8ves non seulement le contenu des programmes mais aussi les valeurs de la R\u00e9publique, en&#46;&#46;&#46;<\/p>\n","protected":false},"author":1,"featured_media":0,"comment_status":"open","ping_status":"open","sticky":false,"template":"","format":"standard","meta":{"_crdt_document":"","footnotes":""},"categories":[24,28],"tags":[1684,44,1682,1683,506,1658],"class_list":["post-1747","post","type-post","status-publish","format-standard","hentry","category-guerre","category-travail","tag-hitler","tag-liberation","tag-lvf","tag-nazi","tag-oise","tag-seconde-guerre-mondiale"],"jetpack_featured_media_url":"","_links":{"self":[{"href":"https:\/\/grenierdecourbevoie.fr\/index.php\/wp-json\/wp\/v2\/posts\/1747","targetHints":{"allow":["GET"]}}],"collection":[{"href":"https:\/\/grenierdecourbevoie.fr\/index.php\/wp-json\/wp\/v2\/posts"}],"about":[{"href":"https:\/\/grenierdecourbevoie.fr\/index.php\/wp-json\/wp\/v2\/types\/post"}],"author":[{"embeddable":true,"href":"https:\/\/grenierdecourbevoie.fr\/index.php\/wp-json\/wp\/v2\/users\/1"}],"replies":[{"embeddable":true,"href":"https:\/\/grenierdecourbevoie.fr\/index.php\/wp-json\/wp\/v2\/comments?post=1747"}],"version-history":[{"count":1,"href":"https:\/\/grenierdecourbevoie.fr\/index.php\/wp-json\/wp\/v2\/posts\/1747\/revisions"}],"predecessor-version":[{"id":1748,"href":"https:\/\/grenierdecourbevoie.fr\/index.php\/wp-json\/wp\/v2\/posts\/1747\/revisions\/1748"}],"wp:attachment":[{"href":"https:\/\/grenierdecourbevoie.fr\/index.php\/wp-json\/wp\/v2\/media?parent=1747"}],"wp:term":[{"taxonomy":"category","embeddable":true,"href":"https:\/\/grenierdecourbevoie.fr\/index.php\/wp-json\/wp\/v2\/categories?post=1747"},{"taxonomy":"post_tag","embeddable":true,"href":"https:\/\/grenierdecourbevoie.fr\/index.php\/wp-json\/wp\/v2\/tags?post=1747"}],"curies":[{"name":"wp","href":"https:\/\/api.w.org\/{rel}","templated":true}]}}