{"id":195,"date":"2022-10-15T18:18:38","date_gmt":"2022-10-15T16:18:38","guid":{"rendered":"http:\/\/grenierdecourbevoie.fr\/?p=195"},"modified":"2022-10-15T18:18:39","modified_gmt":"2022-10-15T16:18:39","slug":"panique-sous-la-couette","status":"publish","type":"post","link":"https:\/\/grenierdecourbevoie.fr\/index.php\/2022\/10\/15\/panique-sous-la-couette\/","title":{"rendered":"Panique sous la couette"},"content":{"rendered":"\n<p class=\"wp-block-paragraph\">C\u2019\u00e9tait la veille de mes 10 ans, je devais dormir pour la premi\u00e8re fois dans le noir car j\u2019\u00e9tais assez grand. Mais, je n\u2019arrivais pas \u00e0 dormir.<\/p>\n\n\n\n<p class=\"wp-block-paragraph\">Alors j\u2019ai d\u00e9cid\u00e9 de regarder un film\u2026 j\u2019\u00e9tais surement \u00e0 la moiti\u00e9 du film quand je me suis endormi. Il faisait encore nuit, s\u00fbrement vers 2 heures ou 3 heures du matin quand je me suis r\u00e9veill\u00e9. Je ne pouvais plus bouger. Mon corps \u00e9tait paralys\u00e9 par l\u2019obscurit\u00e9. J\u2019avais tellement peur que je ne pouvais plus rien faire, \u00e0 part regarder la pi\u00e8ce sombre.<\/p>\n\n\n\n<p class=\"wp-block-paragraph\">A cause du film que j\u2019avais regard\u00e9, je m\u2019\u00e9tais dit qu\u2019un esprit allait venir me kidnapper, je ne pouvais pas crier \u00e0 l\u2019aide et je ne pouvais pas fermer les yeux. J\u2019avais des hallucinations, je pensais tout le temps que quelqu\u2019un se cachait \u00e9tait dans un coin.<\/p>\n\n\n\n<p class=\"wp-block-paragraph\">Puis quelques heures plus tard, mon corps s\u2019est un peu d\u00e9tendu et j\u2019ai pu me rendormir.<\/p>\n\n\n\n<p class=\"wp-block-paragraph\">Je me suis lev\u00e9 pour allumer la lumi\u00e8re de et j\u2019ai entendu un grand bruit venant des toilettes de ma chambre. A ce moment-l\u00e0, j\u2019ai compris que je n\u2019\u00e9tais pas seul et j\u2019ai couru dans mon lit et me suis cach\u00e9 sous ma couette.<\/p>\n\n\n\n<p class=\"wp-block-paragraph\">Quelques heures plus tard, un grand bruit dans mes toilettes a fini par me r\u00e9veiller. J\u2019ai jet\u00e9 un coup d\u2019\u0153il vers ma porte et j\u2019ai vu qu\u2019elle \u00e9tait grande ouverte. Je me suis cach\u00e9 de nouveau et j\u2019ai eu l\u2019id\u00e9e de courir pour aller voir mon p\u00e8re, mais, trop tard, la porte \u00e9tait referm\u00e9e.<\/p>\n\n\n\n<p class=\"wp-block-paragraph\">Soudain, j\u2019ai entendu la porte de ma chambre s\u2019ouvrir de nouveau. Des bruits venaient vers moi et une personne essayait d\u2019enlever ma couette. J\u2019ai tent\u00e9 de r\u00e9sister de toutes mes forces. Il m\u2019a sembl\u00e9 que cette personne \u00e9tait repartie en refermant la porte derri\u00e8re elle.<\/p>\n\n\n\n<p class=\"wp-block-paragraph\">Cette fois-ci j\u2019ai d\u00e9cid\u00e9 de sortir de mon lit et d\u2019affronter ma peur. Au moment o\u00f9 j\u2019allais sortir de ma couette, la porte s\u2019est rouverte sur deux personnes cette fois ci et les bruits de pas se sont dirig\u00e9s vers moi. Je ne savais plus quoi faire. J\u2019ai pris mon courage \u00e0 deux mains et j\u2019ai jet\u00e9 un \u0153il&nbsp;: ce n\u2019\u00e9tait que ma m\u00e8re et mon petit cousin. Il voulait jouer avec moi parce qu\u2019il s\u2019ennuyait. C\u2019\u00e9tait lui qui \u00e9tait dans ma salle de bain et avait fait tout ce bruit.<\/p>\n","protected":false},"excerpt":{"rendered":"<p>C\u2019\u00e9tait la veille de mes 10 ans, je devais dormir pour la premi\u00e8re fois dans le noir car j\u2019\u00e9tais assez grand. Mais, je n\u2019arrivais pas \u00e0 dormir. Alors j\u2019ai d\u00e9cid\u00e9 de regarder un film\u2026&#46;&#46;&#46;<\/p>\n","protected":false},"author":1,"featured_media":0,"comment_status":"closed","ping_status":"closed","sticky":false,"template":"","format":"standard","meta":{"_crdt_document":"","footnotes":""},"categories":[9],"tags":[249],"class_list":["post-195","post","type-post","status-publish","format-standard","hentry","category-enfance","tag-peur"],"jetpack_featured_media_url":"","_links":{"self":[{"href":"https:\/\/grenierdecourbevoie.fr\/index.php\/wp-json\/wp\/v2\/posts\/195","targetHints":{"allow":["GET"]}}],"collection":[{"href":"https:\/\/grenierdecourbevoie.fr\/index.php\/wp-json\/wp\/v2\/posts"}],"about":[{"href":"https:\/\/grenierdecourbevoie.fr\/index.php\/wp-json\/wp\/v2\/types\/post"}],"author":[{"embeddable":true,"href":"https:\/\/grenierdecourbevoie.fr\/index.php\/wp-json\/wp\/v2\/users\/1"}],"replies":[{"embeddable":true,"href":"https:\/\/grenierdecourbevoie.fr\/index.php\/wp-json\/wp\/v2\/comments?post=195"}],"version-history":[{"count":1,"href":"https:\/\/grenierdecourbevoie.fr\/index.php\/wp-json\/wp\/v2\/posts\/195\/revisions"}],"predecessor-version":[{"id":196,"href":"https:\/\/grenierdecourbevoie.fr\/index.php\/wp-json\/wp\/v2\/posts\/195\/revisions\/196"}],"wp:attachment":[{"href":"https:\/\/grenierdecourbevoie.fr\/index.php\/wp-json\/wp\/v2\/media?parent=195"}],"wp:term":[{"taxonomy":"category","embeddable":true,"href":"https:\/\/grenierdecourbevoie.fr\/index.php\/wp-json\/wp\/v2\/categories?post=195"},{"taxonomy":"post_tag","embeddable":true,"href":"https:\/\/grenierdecourbevoie.fr\/index.php\/wp-json\/wp\/v2\/tags?post=195"}],"curies":[{"name":"wp","href":"https:\/\/api.w.org\/{rel}","templated":true}]}}