{"id":207,"date":"2022-10-15T18:36:14","date_gmt":"2022-10-15T16:36:14","guid":{"rendered":"http:\/\/grenierdecourbevoie.fr\/?p=207"},"modified":"2022-10-15T18:36:14","modified_gmt":"2022-10-15T16:36:14","slug":"les-deux-pays","status":"publish","type":"post","link":"https:\/\/grenierdecourbevoie.fr\/index.php\/2022\/10\/15\/les-deux-pays\/","title":{"rendered":"Les deux pays"},"content":{"rendered":"\n<p class=\"wp-block-paragraph\">Je vais vous parler de l\u2019histoire de mes grands- parents paternels et de leur \u00e9migration en France. D\u2019abord, il faut savoir que mes grands-parents sont marocains. Ils sont n\u00e9s l\u00e0-bas et y ont v\u00e9cu jusqu\u2019\u00e0 trente-huit ans pour ma grand-m\u00e8re et quarante-sept ans pour mon grand-p\u00e8re.<\/p>\n\n\n\n<p class=\"wp-block-paragraph\">Ils ont pris la d\u00e9cision de venir en France car ils connaissaient une vie difficile l\u00e0-bas et ils voulaient \u00e9lever ma tante qui allait na\u00eetre dans de bonnes conditions pour qu\u2019elle ait un avenir meilleur qu\u2019eux. Ils ont donc laiss\u00e9 leur maison et leur grand terrain agricole de plusieurs hectares et ont pris la voiture et le bateau pour venir en France car ils avaient trop peu d\u2019argent pour se payer des billets d\u2019avion.<\/p>\n\n\n\n<p class=\"wp-block-paragraph\">Une fois arriv\u00e9s en France, il fut difficile de trouver un logement surtout sans parler un mot de fran\u00e7ais&nbsp;! Il fallut aussi trouver des travaux \u00e0 faire pour payer le loyer et \u00e9lever les enfants. Le premier appartement dans lequel ils ont habit\u00e9 a \u00e9t\u00e9 d\u00e9truit depuis, mais ils ont fini par pouvoir se loger dans un HLM et ils y vivent depuis plus de trente ans.<\/p>\n\n\n\n<p class=\"wp-block-paragraph\">Encore r\u00e9cemment mon grand-p\u00e8re faisait beaucoup de voyages au Maroc car sa famille vit toujours l\u00e0-bas. Souvent il laissait sa femme avec les enfants, mais c\u2019est devenu compliqu\u00e9 quand elle a commenc\u00e9 \u00e0 avoir des probl\u00e8mes de sant\u00e9. Aujourd\u2019hui c\u2019est la crise sanitaire qui l\u2019emp\u00eache d\u2019aller au Maroc comme bon lui semble et cela fait plusieurs mois qu\u2019il n\u2019y est pas all\u00e9.<\/p>\n","protected":false},"excerpt":{"rendered":"<p>Je vais vous parler de l\u2019histoire de mes grands- parents paternels et de leur \u00e9migration en France. D\u2019abord, il faut savoir que mes grands-parents sont marocains. Ils sont n\u00e9s l\u00e0-bas et y ont v\u00e9cu&#46;&#46;&#46;<\/p>\n","protected":false},"author":1,"featured_media":0,"comment_status":"closed","ping_status":"closed","sticky":false,"template":"","format":"standard","meta":{"_crdt_document":"","footnotes":""},"categories":[7,28],"tags":[280,205,176,279],"class_list":["post-207","post","type-post","status-publish","format-standard","hentry","category-voyage","category-travail","tag-hlm","tag-maroc","tag-pauvrete","tag-sante"],"jetpack_featured_media_url":"","_links":{"self":[{"href":"https:\/\/grenierdecourbevoie.fr\/index.php\/wp-json\/wp\/v2\/posts\/207","targetHints":{"allow":["GET"]}}],"collection":[{"href":"https:\/\/grenierdecourbevoie.fr\/index.php\/wp-json\/wp\/v2\/posts"}],"about":[{"href":"https:\/\/grenierdecourbevoie.fr\/index.php\/wp-json\/wp\/v2\/types\/post"}],"author":[{"embeddable":true,"href":"https:\/\/grenierdecourbevoie.fr\/index.php\/wp-json\/wp\/v2\/users\/1"}],"replies":[{"embeddable":true,"href":"https:\/\/grenierdecourbevoie.fr\/index.php\/wp-json\/wp\/v2\/comments?post=207"}],"version-history":[{"count":1,"href":"https:\/\/grenierdecourbevoie.fr\/index.php\/wp-json\/wp\/v2\/posts\/207\/revisions"}],"predecessor-version":[{"id":208,"href":"https:\/\/grenierdecourbevoie.fr\/index.php\/wp-json\/wp\/v2\/posts\/207\/revisions\/208"}],"wp:attachment":[{"href":"https:\/\/grenierdecourbevoie.fr\/index.php\/wp-json\/wp\/v2\/media?parent=207"}],"wp:term":[{"taxonomy":"category","embeddable":true,"href":"https:\/\/grenierdecourbevoie.fr\/index.php\/wp-json\/wp\/v2\/categories?post=207"},{"taxonomy":"post_tag","embeddable":true,"href":"https:\/\/grenierdecourbevoie.fr\/index.php\/wp-json\/wp\/v2\/tags?post=207"}],"curies":[{"name":"wp","href":"https:\/\/api.w.org\/{rel}","templated":true}]}}