{"id":230,"date":"2022-10-16T11:22:56","date_gmt":"2022-10-16T09:22:56","guid":{"rendered":"http:\/\/grenierdecourbevoie.fr\/?p=230"},"modified":"2022-10-16T11:22:57","modified_gmt":"2022-10-16T09:22:57","slug":"lavion-francais","status":"publish","type":"post","link":"https:\/\/grenierdecourbevoie.fr\/index.php\/2022\/10\/16\/lavion-francais\/","title":{"rendered":"L\u2019avion fran\u00e7ais"},"content":{"rendered":"\n<p class=\"wp-block-paragraph\">Un jour de l\u2019ann\u00e9e 1969, la France a pris mon Papa&nbsp;!<\/p>\n\n\n\n<p class=\"wp-block-paragraph\">Il a fait partie des premiers \u00e9migr\u00e9s embauch\u00e9s par un organisme qui cherchait de la main d\u2019\u0153uvre pour travailler \u00e0 l\u2019\u00e9tranger (en France). Pour ma famille, c\u2019\u00e9tait une grande chance et ma maman faisait beaucoup d\u2019envieuses dans notre quartier de Constantine\u2026<\/p>\n\n\n\n<p class=\"wp-block-paragraph\">Cela nous a valu un traitement des plus odieux de la part de notre belle famille.<\/p>\n\n\n\n<p class=\"wp-block-paragraph\">Nous pleurions beaucoup, ma maman, mes trois fr\u00e8res et moi.<\/p>\n\n\n\n<p class=\"wp-block-paragraph\">Dans le quartier, nous \u00e9tions \u00ab&nbsp;les abandonn\u00e9s&nbsp;\u00bb par le chef de famille et nous \u00e9tions aux mains et aux crochets, financi\u00e8rement, de la belle famille qui de base devait nous prot\u00e9ger.<\/p>\n\n\n\n<p class=\"wp-block-paragraph\">Pour s\u00e9cher les larmes quotidiennes de ma maman, je lui disais toujours \u00ab&nbsp;Un jour, on ira en France, ne t\u2019inqui\u00e8te pas&nbsp;\u00bb.<\/p>\n\n\n\n<p class=\"wp-block-paragraph\">Un jour de printemps 1974, nous avons \u00e9t\u00e9 convoqu\u00e9s par mon grand oncle paternel qui ne pouvant plus accepter cette situation et ne voulant plus nous avoir en charge, nous annon\u00e7a que nous devions nous pr\u00e9parer \u00e0 partir rejoindre notre p\u00e8re en France. Il avait d\u00e9j\u00e0 fait toutes les formalit\u00e9s administratives et achet\u00e9 les billets d\u2019avion. Nous allions prendre \u00ab&nbsp;L\u2019avion fran\u00e7ais&nbsp;\u00bb&nbsp;(plus tard, j\u2019ai compris que c\u2019\u00e9tait la compagnie \u00ab&nbsp;Air France&nbsp;\u00bb).<\/p>\n\n\n\n<p class=\"wp-block-paragraph\">J\u2019ai su plus tard que mon Papa n\u2019\u00e9tait pas pr\u00eat \u00e0 nous accueillir mais mon oncle ne lui avait pas laiss\u00e9 le choix\u2026 Nous ne l\u2019avions pas vu, nous ne lui avions pas parl\u00e9 depuis pr\u00e8s de cinq ans.<\/p>\n\n\n\n<p class=\"wp-block-paragraph\">Pendant les pr\u00e9paratifs de d\u00e9part tout le quartier et la famille sont devenus gentils et envieux et j\u2019avoue ne pas avoir cach\u00e9 une certaine joie et une certaine soif de vengeance sur la vie.<\/p>\n\n\n\n<p class=\"wp-block-paragraph\">Juillet 1974&nbsp;: d\u00e9part de Constantine, ma ville de naissance. Un au revoir \u00e0 l\u2019Alg\u00e9rie, un au revoir \u00e0 mes racines, \u00e0 mes Anc\u00eatres.<\/p>\n\n\n\n<p class=\"wp-block-paragraph\">Par\u00e9 de nos plus beaux sourires, de nos plus beaux r\u00eaves, de nos plus beaux projets, de nos c\u0153urs et de notre foi, nous nous sommes envol\u00e9s vers de nouvelles aventures et un monde meilleur.<\/p>\n\n\n\n<p class=\"wp-block-paragraph\">Un jour de Juillet 1974, je suis partie pour la France\u2026<\/p>\n\n\n\n<p class=\"wp-block-paragraph\">C\u2019est l\u2019histoire d\u2019une petite fille Alg\u00e9rienne de 8 ans.<\/p>\n\n\n\n<p class=\"wp-block-paragraph\">C\u2019est l\u2019histoire de ma Maman.<\/p>\n","protected":false},"excerpt":{"rendered":"<p>Un jour de l\u2019ann\u00e9e 1969, la France a pris mon Papa&nbsp;! Il a fait partie des premiers \u00e9migr\u00e9s embauch\u00e9s par un organisme qui cherchait de la main d\u2019\u0153uvre pour travailler \u00e0 l\u2019\u00e9tranger (en France).&#46;&#46;&#46;<\/p>\n","protected":false},"author":1,"featured_media":0,"comment_status":"open","ping_status":"open","sticky":false,"template":"","format":"standard","meta":{"_crdt_document":"","footnotes":""},"categories":[7,28],"tags":[16,283,284],"class_list":["post-230","post","type-post","status-publish","format-standard","hentry","category-voyage","category-travail","tag-algerie","tag-constantine","tag-racines"],"jetpack_featured_media_url":"","_links":{"self":[{"href":"https:\/\/grenierdecourbevoie.fr\/index.php\/wp-json\/wp\/v2\/posts\/230","targetHints":{"allow":["GET"]}}],"collection":[{"href":"https:\/\/grenierdecourbevoie.fr\/index.php\/wp-json\/wp\/v2\/posts"}],"about":[{"href":"https:\/\/grenierdecourbevoie.fr\/index.php\/wp-json\/wp\/v2\/types\/post"}],"author":[{"embeddable":true,"href":"https:\/\/grenierdecourbevoie.fr\/index.php\/wp-json\/wp\/v2\/users\/1"}],"replies":[{"embeddable":true,"href":"https:\/\/grenierdecourbevoie.fr\/index.php\/wp-json\/wp\/v2\/comments?post=230"}],"version-history":[{"count":1,"href":"https:\/\/grenierdecourbevoie.fr\/index.php\/wp-json\/wp\/v2\/posts\/230\/revisions"}],"predecessor-version":[{"id":231,"href":"https:\/\/grenierdecourbevoie.fr\/index.php\/wp-json\/wp\/v2\/posts\/230\/revisions\/231"}],"wp:attachment":[{"href":"https:\/\/grenierdecourbevoie.fr\/index.php\/wp-json\/wp\/v2\/media?parent=230"}],"wp:term":[{"taxonomy":"category","embeddable":true,"href":"https:\/\/grenierdecourbevoie.fr\/index.php\/wp-json\/wp\/v2\/categories?post=230"},{"taxonomy":"post_tag","embeddable":true,"href":"https:\/\/grenierdecourbevoie.fr\/index.php\/wp-json\/wp\/v2\/tags?post=230"}],"curies":[{"name":"wp","href":"https:\/\/api.w.org\/{rel}","templated":true}]}}