{"id":234,"date":"2022-10-16T11:30:04","date_gmt":"2022-10-16T09:30:04","guid":{"rendered":"http:\/\/grenierdecourbevoie.fr\/?p=234"},"modified":"2022-10-16T11:30:06","modified_gmt":"2022-10-16T09:30:06","slug":"peintures-de-guerre","status":"publish","type":"post","link":"https:\/\/grenierdecourbevoie.fr\/index.php\/2022\/10\/16\/peintures-de-guerre\/","title":{"rendered":"Peintures de guerre"},"content":{"rendered":"\n<p class=\"wp-block-paragraph\">En d\u00e9cembre 2015, avec ma famille, nous sommes partis sur les traces d&#8217;un arri\u00e8re-grand-oncle qui avait particip\u00e9 \u00e0 la guerre de 1914-1918. On a pu reconstruire son histoire gr\u00e2ce aux lettres qu&#8217;il a envoy\u00e9es \u00e0 sa famille et dans lesquelles il parlait de l&#8217;horreur de la guerre et des peintures qui sont expos\u00e9es dans la plupart de nos maisons de vacances. C&#8217;est gr\u00e2ce \u00e0 ces dessins que l&#8217;on a pu en partie visualiser la vie dans les tranch\u00e9es et la guerre.<\/p>\n\n\n\n<p class=\"wp-block-paragraph\">Durant cette guerre mon grand-oncle a \u00e9t\u00e9 bless\u00e9 par une premi\u00e8re balle bans la nuque. A cause de cette blessure il fut renvoy\u00e9 aupr\u00e8s de sa famille pour se soigner. Plus tard, il dut retourner au front, et malheureusement cette fois il ne fut pas \u00e9pargn\u00e9.<\/p>\n\n\n\n<p class=\"wp-block-paragraph\">De ce que j&#8217;ai vu, la vie dans les tranch\u00e9es avait l&#8217;air horrible\u00a0; mon arri\u00e8re-grand-oncle avait m\u00eame r\u00e9alis\u00e9 une peinture du m\u00e9decin en train d&#8217;enlever la balle qu&#8217;il avait re\u00e7ue dans la nuque.<\/p>\n","protected":false},"excerpt":{"rendered":"<p>En d\u00e9cembre 2015, avec ma famille, nous sommes partis sur les traces d&#8217;un arri\u00e8re-grand-oncle qui avait particip\u00e9 \u00e0 la guerre de 1914-1918. On a pu reconstruire son histoire gr\u00e2ce aux lettres qu&#8217;il a envoy\u00e9es&#46;&#46;&#46;<\/p>\n","protected":false},"author":1,"featured_media":0,"comment_status":"open","ping_status":"open","sticky":false,"template":"","format":"standard","meta":{"_crdt_document":"","footnotes":""},"categories":[24],"tags":[286,278,288,55,287],"class_list":["post-234","post","type-post","status-publish","format-standard","hentry","category-guerre","tag-14-18","tag-blessure","tag-illustration","tag-peintre","tag-tranchees"],"jetpack_featured_media_url":"","_links":{"self":[{"href":"https:\/\/grenierdecourbevoie.fr\/index.php\/wp-json\/wp\/v2\/posts\/234","targetHints":{"allow":["GET"]}}],"collection":[{"href":"https:\/\/grenierdecourbevoie.fr\/index.php\/wp-json\/wp\/v2\/posts"}],"about":[{"href":"https:\/\/grenierdecourbevoie.fr\/index.php\/wp-json\/wp\/v2\/types\/post"}],"author":[{"embeddable":true,"href":"https:\/\/grenierdecourbevoie.fr\/index.php\/wp-json\/wp\/v2\/users\/1"}],"replies":[{"embeddable":true,"href":"https:\/\/grenierdecourbevoie.fr\/index.php\/wp-json\/wp\/v2\/comments?post=234"}],"version-history":[{"count":1,"href":"https:\/\/grenierdecourbevoie.fr\/index.php\/wp-json\/wp\/v2\/posts\/234\/revisions"}],"predecessor-version":[{"id":235,"href":"https:\/\/grenierdecourbevoie.fr\/index.php\/wp-json\/wp\/v2\/posts\/234\/revisions\/235"}],"wp:attachment":[{"href":"https:\/\/grenierdecourbevoie.fr\/index.php\/wp-json\/wp\/v2\/media?parent=234"}],"wp:term":[{"taxonomy":"category","embeddable":true,"href":"https:\/\/grenierdecourbevoie.fr\/index.php\/wp-json\/wp\/v2\/categories?post=234"},{"taxonomy":"post_tag","embeddable":true,"href":"https:\/\/grenierdecourbevoie.fr\/index.php\/wp-json\/wp\/v2\/tags?post=234"}],"curies":[{"name":"wp","href":"https:\/\/api.w.org\/{rel}","templated":true}]}}