{"id":240,"date":"2022-10-16T11:37:57","date_gmt":"2022-10-16T09:37:57","guid":{"rendered":"http:\/\/grenierdecourbevoie.fr\/?p=240"},"modified":"2022-10-16T11:37:58","modified_gmt":"2022-10-16T09:37:58","slug":"la-guerre-de-pierre","status":"publish","type":"post","link":"https:\/\/grenierdecourbevoie.fr\/index.php\/2022\/10\/16\/la-guerre-de-pierre\/","title":{"rendered":"La Guerre de Pierre"},"content":{"rendered":"\n<p class=\"wp-block-paragraph\">C\u2019est l\u2019histoire de Pierre D\u2026, mon grand-p\u00e8re paternel.<\/p>\n\n\n\n<p class=\"wp-block-paragraph\">Pendant la guerre, il habitait \u00e0 Epernay, au c\u0153ur des vignes pr\u00e8s de Reims. Il avait 22 ans et venait de se marier, lorsqu\u2019il re\u00e7ut une lettre de convocation du STO pour travailler en tant qu\u2019ouvrier dans une usine pr\u00e8s de Nuremberg. Il ne voulait pas s\u2019y rendre, alors il d\u00e9cida de se cacher afin d\u2019y \u00e9chapper.<\/p>\n\n\n\n<p class=\"wp-block-paragraph\">Pendant plusieurs semaines il r\u00e9ussit \u00e0 se cacher, mais un jour, des membres du STO arriv\u00e8rent chez lui et menac\u00e8rent&nbsp;sa famille. Il d\u00e9cida donc de se rendre. Le voil\u00e0 parti pour trois ans \u00e0 Nuremberg dans une usine d\u2019avions\u2026<\/p>\n\n\n\n<p class=\"wp-block-paragraph\">Mon grand-p\u00e8re r\u00e9ussit \u00e0 s\u2019\u00e9chapper du camp de travail en fabriquant de faux papiers puis il se cacha dans un train. En arrivant \u00e0 Reims il retrouva sa famille, puis rejoignit un groupe de r\u00e9sistants.<\/p>\n\n\n\n<p class=\"wp-block-paragraph\">Un matin il se rendait \u00e0 une r\u00e9union avec quelques compagnons et sur le chemin il vit une rivi\u00e8re et dit \u00e0 ses amis qu\u2019il les rejoindrait plus tard pour qu\u2019il puisse se baigner. Il se d\u00e9p\u00eacha mais arriva en retard au rendez-vous pour d\u00e9couvrir que ses amis avaient \u00e9t\u00e9 ex\u00e9cut\u00e9s.<\/p>\n\n\n\n<p class=\"wp-block-paragraph\">Apr\u00e8s \u00e7a, il fut oblig\u00e9 de partir se cacher en Bretagne avec son fr\u00e8re car il \u00e9tait condamn\u00e9 \u00e0 mort par la Gestapo \u00e0 cause de son \u00e9vasion. Il y resta plusieurs mois. Jusqu\u2019au jour o\u00f9 sa femme lui manquant tellement, il d\u00e9cida de rentrer chez lui, quitte \u00e0 \u00eatre ex\u00e9cut\u00e9.<\/p>\n\n\n\n<p class=\"wp-block-paragraph\">Il prit alors le premier v\u00e9lo qu\u2019il trouva, il dut m\u00eame attacher un tuyau d\u2019arrosage avec du fil de fer pour remplacer un pneu. C\u2019est comme \u00e7a qu\u2019il traversa la France en v\u00e9lo par amour. Quand il arriva \u00e0 Reims il sut que les Alli\u00e9s avaient d\u00e9barqu\u00e9 et qu\u2019il \u00e9tait sauv\u00e9.<\/p>\n\n\n\n<p class=\"wp-block-paragraph\">Mais, c\u2019est gr\u00e2ce \u00e0 ces \u00e9v\u00e8nements qu\u2019il avait appris l\u2019allemand, ce qui lui permettra de rencontrer sa deuxi\u00e8me&nbsp;femme, ma mamie, d\u2019origine autrichienne.<\/p>\n","protected":false},"excerpt":{"rendered":"<p>C\u2019est l\u2019histoire de Pierre D\u2026, mon grand-p\u00e8re paternel. Pendant la guerre, il habitait \u00e0 Epernay, au c\u0153ur des vignes pr\u00e8s de Reims. Il avait 22 ans et venait de se marier, lorsqu\u2019il re\u00e7ut une&#46;&#46;&#46;<\/p>\n","protected":false},"author":1,"featured_media":0,"comment_status":"open","ping_status":"open","sticky":false,"template":"","format":"standard","meta":{"_crdt_document":"","footnotes":""},"categories":[6,24],"tags":[299,269,296,300,297,294,87,302,295,298,76,293,275,301],"class_list":["post-240","post","type-post","status-publish","format-standard","hentry","category-amour","category-guerre","tag-allemands","tag-autriche","tag-avion","tag-bretagne","tag-epernay","tag-evasion","tag-execution","tag-gestapo","tag-nuremberg","tag-reims","tag-resistance","tag-sto","tag-usine","tag-velo"],"jetpack_featured_media_url":"","_links":{"self":[{"href":"https:\/\/grenierdecourbevoie.fr\/index.php\/wp-json\/wp\/v2\/posts\/240","targetHints":{"allow":["GET"]}}],"collection":[{"href":"https:\/\/grenierdecourbevoie.fr\/index.php\/wp-json\/wp\/v2\/posts"}],"about":[{"href":"https:\/\/grenierdecourbevoie.fr\/index.php\/wp-json\/wp\/v2\/types\/post"}],"author":[{"embeddable":true,"href":"https:\/\/grenierdecourbevoie.fr\/index.php\/wp-json\/wp\/v2\/users\/1"}],"replies":[{"embeddable":true,"href":"https:\/\/grenierdecourbevoie.fr\/index.php\/wp-json\/wp\/v2\/comments?post=240"}],"version-history":[{"count":1,"href":"https:\/\/grenierdecourbevoie.fr\/index.php\/wp-json\/wp\/v2\/posts\/240\/revisions"}],"predecessor-version":[{"id":241,"href":"https:\/\/grenierdecourbevoie.fr\/index.php\/wp-json\/wp\/v2\/posts\/240\/revisions\/241"}],"wp:attachment":[{"href":"https:\/\/grenierdecourbevoie.fr\/index.php\/wp-json\/wp\/v2\/media?parent=240"}],"wp:term":[{"taxonomy":"category","embeddable":true,"href":"https:\/\/grenierdecourbevoie.fr\/index.php\/wp-json\/wp\/v2\/categories?post=240"},{"taxonomy":"post_tag","embeddable":true,"href":"https:\/\/grenierdecourbevoie.fr\/index.php\/wp-json\/wp\/v2\/tags?post=240"}],"curies":[{"name":"wp","href":"https:\/\/api.w.org\/{rel}","templated":true}]}}