{"id":248,"date":"2022-10-16T11:47:19","date_gmt":"2022-10-16T09:47:19","guid":{"rendered":"http:\/\/grenierdecourbevoie.fr\/?p=248"},"modified":"2022-10-16T11:47:20","modified_gmt":"2022-10-16T09:47:20","slug":"bebe-en-peril","status":"publish","type":"post","link":"https:\/\/grenierdecourbevoie.fr\/index.php\/2022\/10\/16\/bebe-en-peril\/","title":{"rendered":"B\u00e9b\u00e9 en p\u00e9ril"},"content":{"rendered":"\n<p class=\"wp-block-paragraph\">&nbsp;Mes grands-parents vivaient en Afrique, au Niger dans la ville de Niamey. Mon grand-p\u00e8re travaillait comme \u00ab&nbsp;radio&nbsp;\u00bb sur les a\u00e9roports, dans la t\u00e9l\u00e9communication, il travaillait depuis de nombreuses ann\u00e9es, depuis 1940, en Afrique, dans plusieurs colonies fran\u00e7aises.<\/p>\n\n\n\n<p class=\"wp-block-paragraph\">Mes grands-parents \u00e9taient jeunes mari\u00e9s, ma grand-m\u00e8re \u00e9tait enceinte. En 1960, qui d\u2019ailleurs, est la date de l\u2019ind\u00e9pendance du Niger, mon oncle est n\u00e9 pr\u00e9matur\u00e9ment \u00e0 Niamey.<\/p>\n\n\n\n<p class=\"wp-block-paragraph\">Il tomba tr\u00e8s vite et tr\u00e8s gravement malade, mais \u00e0 Niamey, \u00e0 ce moment-l\u00e0, il n\u2019y avait pas de m\u00e9decin p\u00e9diatre, il fut donc \u00ab&nbsp;soign\u00e9&nbsp;\u00bb par le m\u00e9decin de l\u2019arm\u00e9e. Malgr\u00e9 ces soins, il restait toujours autant malade, mes grands-parents ne savaient plus quoi faire. Mon oncle re\u00e7ut m\u00eame le sacrement de l\u2019extr\u00eame-onction avant d\u2019\u00eatre baptis\u00e9. Ce sacrement est donn\u00e9, dans la religion catholique, aux personnes dont on pense que leurs derniers jours sont compt\u00e9s, aux personnes en p\u00e9ril de mort\u2026<\/p>\n\n\n\n<p class=\"wp-block-paragraph\">&nbsp;Une solution fut enfin trouv\u00e9e, mon oncle fut rapatri\u00e9 d\u2019extr\u00eame urgence en France, \u00e0 Nantes, o\u00f9 pris en charge par des m\u00e9decins p\u00e9diatres sp\u00e9cialis\u00e9s en maladies infantiles, il put \u00eatre soign\u00e9 avec du lait maternel r\u00e9colt\u00e9 par l\u2019h\u00f4pital. En effet, ma grand-m\u00e8re n\u2019avait plus de lait maternel, je pense que cela \u00e9tait d\u00fb au stress.<\/p>\n\n\n\n<p class=\"wp-block-paragraph\">Mon oncle a surv\u00e9cu \u00e0 toutes ses maladies, il est rest\u00e9 quelques mois \u00e0 Nantes avec ma grand-m\u00e8re. Quand cela a \u00e9t\u00e9 possible, ils sont retourn\u00e9s au Niger, \u00e0 Niamey rejoindre mon grand-p\u00e8re qui \u00e9tait rest\u00e9 l\u00e0-bas, car il ne pouvait pas quitter son poste.<\/p>\n\n\n\n<p class=\"wp-block-paragraph\">&nbsp;Aujourd\u2019hui mon oncle va tr\u00e8s bien, il a 58 ans et il vit \u00e0 Montpellier entour\u00e9 de ses trois grands enfants.<\/p>\n","protected":false},"excerpt":{"rendered":"<p>&nbsp;Mes grands-parents vivaient en Afrique, au Niger dans la ville de Niamey. Mon grand-p\u00e8re travaillait comme \u00ab&nbsp;radio&nbsp;\u00bb sur les a\u00e9roports, dans la t\u00e9l\u00e9communication, il travaillait depuis de nombreuses ann\u00e9es, depuis 1940, en Afrique, dans&#46;&#46;&#46;<\/p>\n","protected":false},"author":1,"featured_media":0,"comment_status":"open","ping_status":"open","sticky":false,"template":"","format":"standard","meta":{"_crdt_document":"","footnotes":""},"categories":[15,7],"tags":[318,306,202,317,315,316,319],"class_list":["post-248","post","type-post","status-publish","format-standard","hentry","category-accidents","category-voyage","tag-accouchement","tag-afrique","tag-bebe","tag-nantes","tag-niamey","tag-niger","tag-premature"],"jetpack_featured_media_url":"","_links":{"self":[{"href":"https:\/\/grenierdecourbevoie.fr\/index.php\/wp-json\/wp\/v2\/posts\/248","targetHints":{"allow":["GET"]}}],"collection":[{"href":"https:\/\/grenierdecourbevoie.fr\/index.php\/wp-json\/wp\/v2\/posts"}],"about":[{"href":"https:\/\/grenierdecourbevoie.fr\/index.php\/wp-json\/wp\/v2\/types\/post"}],"author":[{"embeddable":true,"href":"https:\/\/grenierdecourbevoie.fr\/index.php\/wp-json\/wp\/v2\/users\/1"}],"replies":[{"embeddable":true,"href":"https:\/\/grenierdecourbevoie.fr\/index.php\/wp-json\/wp\/v2\/comments?post=248"}],"version-history":[{"count":1,"href":"https:\/\/grenierdecourbevoie.fr\/index.php\/wp-json\/wp\/v2\/posts\/248\/revisions"}],"predecessor-version":[{"id":249,"href":"https:\/\/grenierdecourbevoie.fr\/index.php\/wp-json\/wp\/v2\/posts\/248\/revisions\/249"}],"wp:attachment":[{"href":"https:\/\/grenierdecourbevoie.fr\/index.php\/wp-json\/wp\/v2\/media?parent=248"}],"wp:term":[{"taxonomy":"category","embeddable":true,"href":"https:\/\/grenierdecourbevoie.fr\/index.php\/wp-json\/wp\/v2\/categories?post=248"},{"taxonomy":"post_tag","embeddable":true,"href":"https:\/\/grenierdecourbevoie.fr\/index.php\/wp-json\/wp\/v2\/tags?post=248"}],"curies":[{"name":"wp","href":"https:\/\/api.w.org\/{rel}","templated":true}]}}