{"id":250,"date":"2022-10-16T11:50:37","date_gmt":"2022-10-16T09:50:37","guid":{"rendered":"http:\/\/grenierdecourbevoie.fr\/?p=250"},"modified":"2022-10-16T11:50:38","modified_gmt":"2022-10-16T09:50:38","slug":"une-chance-a-saisir","status":"publish","type":"post","link":"https:\/\/grenierdecourbevoie.fr\/index.php\/2022\/10\/16\/une-chance-a-saisir\/","title":{"rendered":"Une chance \u00e0 saisir"},"content":{"rendered":"\n<p class=\"wp-block-paragraph\">C&#8217;\u00e9tait \u00e0 la fin de la guerre, en 1945, lorsque les Allemands fuyaient la France.<\/p>\n\n\n\n<p class=\"wp-block-paragraph\">Ils prenaient des otages dans les villages avec eux pour ne se prot\u00e9ger pendant leur d\u00e9b\u00e2cle.<\/p>\n\n\n\n<p class=\"wp-block-paragraph\">Mon grand-p\u00e8re qui avait \u00e0 ce moment 18 ans s\u2019est retrouv\u00e9 dans l\u2019une de ces charrettes, pris de force avec plusieurs autres jeunes d\u2019une vingtaine d\u2019ann\u00e9es.<\/p>\n\n\n\n<p class=\"wp-block-paragraph\">Les Allemands qui les avaient embarqu\u00e9s se sont arr\u00eat\u00e9s \u00e0 mi-chemin, \u00e0 c\u00f4t\u00e9 d\u2019un village pour boire et se reposer.&nbsp; Lorsqu\u2019un vieil homme qui habitait l\u00e0 en profita pour passer discr\u00e8tement \u00e0 c\u00f4t\u00e9 de la charrette et dire aux otages :<\/p>\n\n\n\n<p class=\"wp-block-paragraph\">&#8220;Allez-vous-en, sauvez-vous&#8230; Ils vont vous tuer !\u201d<\/p>\n\n\n\n<p class=\"wp-block-paragraph\">Mon grand-p\u00e8re l\u2019\u00e9couta et prit le risque de s\u2019enfuir et de se cacher dans les bois avec d\u2019autres jeunes de la charrette mais pas tous car certains avaient trop peur.<\/p>\n\n\n\n<p class=\"wp-block-paragraph\">Quelque temps apr\u00e8s, il apprit que les corps des jeunes qui ne s&#8217;\u00e9taient pas enfuis avec eux avaient \u00e9t\u00e9 retrouv\u00e9s dans ce m\u00eame village. Ils avaient \u00e9t\u00e9 ex\u00e9cut\u00e9s par les Allemands avant de continuer leur route.<\/p>\n\n\n\n<p class=\"wp-block-paragraph\">Sans les conseils de ce vieux monsieur, mon p\u00e8re ne serait pas n\u00e9 et moi non plus.<\/p>\n","protected":false},"excerpt":{"rendered":"<p>C&#8217;\u00e9tait \u00e0 la fin de la guerre, en 1945, lorsque les Allemands fuyaient la France. Ils prenaient des otages dans les villages avec eux pour ne se prot\u00e9ger pendant leur d\u00e9b\u00e2cle. Mon grand-p\u00e8re qui&#46;&#46;&#46;<\/p>\n","protected":false},"author":1,"featured_media":0,"comment_status":"closed","ping_status":"closed","sticky":false,"template":"","format":"standard","meta":{"_crdt_document":"","footnotes":""},"categories":[24],"tags":[172,299,322,87],"class_list":["post-250","post","type-post","status-publish","format-standard","hentry","category-guerre","tag-172","tag-allemands","tag-charrette","tag-execution"],"jetpack_featured_media_url":"","_links":{"self":[{"href":"https:\/\/grenierdecourbevoie.fr\/index.php\/wp-json\/wp\/v2\/posts\/250","targetHints":{"allow":["GET"]}}],"collection":[{"href":"https:\/\/grenierdecourbevoie.fr\/index.php\/wp-json\/wp\/v2\/posts"}],"about":[{"href":"https:\/\/grenierdecourbevoie.fr\/index.php\/wp-json\/wp\/v2\/types\/post"}],"author":[{"embeddable":true,"href":"https:\/\/grenierdecourbevoie.fr\/index.php\/wp-json\/wp\/v2\/users\/1"}],"replies":[{"embeddable":true,"href":"https:\/\/grenierdecourbevoie.fr\/index.php\/wp-json\/wp\/v2\/comments?post=250"}],"version-history":[{"count":1,"href":"https:\/\/grenierdecourbevoie.fr\/index.php\/wp-json\/wp\/v2\/posts\/250\/revisions"}],"predecessor-version":[{"id":251,"href":"https:\/\/grenierdecourbevoie.fr\/index.php\/wp-json\/wp\/v2\/posts\/250\/revisions\/251"}],"wp:attachment":[{"href":"https:\/\/grenierdecourbevoie.fr\/index.php\/wp-json\/wp\/v2\/media?parent=250"}],"wp:term":[{"taxonomy":"category","embeddable":true,"href":"https:\/\/grenierdecourbevoie.fr\/index.php\/wp-json\/wp\/v2\/categories?post=250"},{"taxonomy":"post_tag","embeddable":true,"href":"https:\/\/grenierdecourbevoie.fr\/index.php\/wp-json\/wp\/v2\/tags?post=250"}],"curies":[{"name":"wp","href":"https:\/\/api.w.org\/{rel}","templated":true}]}}