{"id":269,"date":"2022-10-16T12:16:22","date_gmt":"2022-10-16T10:16:22","guid":{"rendered":"http:\/\/grenierdecourbevoie.fr\/?p=269"},"modified":"2022-10-16T12:16:23","modified_gmt":"2022-10-16T10:16:23","slug":"la-premiere-etoile","status":"publish","type":"post","link":"https:\/\/grenierdecourbevoie.fr\/index.php\/2022\/10\/16\/la-premiere-etoile\/","title":{"rendered":"La premi\u00e8re \u00e9toile"},"content":{"rendered":"\n<p class=\"wp-block-paragraph\">L&#8217;histoire se d\u00e9roule le 12 juillet 1998.<\/p>\n\n\n\n<p class=\"wp-block-paragraph\">Mes parents, Nathalie et Laurent qui n&#8217;avaient pas du tout pr\u00e9vu de voir le match parce qu\u2019ils n\u2019\u00e9taient pas vraiment amateurs de foot, avaient \u00e9t\u00e9 port\u00e9s par l&#8217;ambiance des grands soirs et avaient eu la surprise d&#8217;\u00eatre invit\u00e9s par leurs amis au Stade de France pour la finale de la Coupe du Monde.<\/p>\n\n\n\n<p class=\"wp-block-paragraph\">Mes parents et leurs amis chantaient \u00e0 tue-t\u00eate l&#8217;hymne national, ils se sentaient port\u00e9s par la foule et chavir\u00e8rent \u00e0 la fois de bonheur et de folie apr\u00e8s le doubl\u00e9 de Zidane en premi\u00e8re mi-temps.<\/p>\n\n\n\n<p class=\"wp-block-paragraph\">Leur soir\u00e9e parfaite continua quand, au bout du temps additionnel, au bout du suspense, ils assist\u00e8rent au 3\u00e8me but de Petit et partirent ensuite danser avec des dizaines de milliers d&#8217;autres pr\u00e9sent au stade ce soir-l\u00e0. Tous criaient &#8220;Champions du Monde&#8221;.<\/p>\n\n\n\n<p class=\"wp-block-paragraph\">La soir\u00e9e \u00e9tait loin d&#8217;\u00eatre finie. Ils all\u00e8rent vite garer leur voiture et c\u00e9l\u00e9brer dans un bar, puis ils remont\u00e8rent les Champs Elys\u00e9es jusqu&#8217;\u00e0 l&#8217;aube ou n&#8217;\u00e9tant pas en \u00e9tat de conduire, ils rentr\u00e8rent \u00e0 pied chez eux \u00e0 environ 45 minutes de l\u00e0 en chantant &#8220;Aux Champs Elys\u00e9es&#8221;<\/p>\n\n\n\n<p class=\"wp-block-paragraph\">Mes parents me parlent de cette histoire comme de l&#8217;une des soir\u00e9es les plus marquante de leur g\u00e9n\u00e9ration.<\/p>\n","protected":false},"excerpt":{"rendered":"<p>L&#8217;histoire se d\u00e9roule le 12 juillet 1998. Mes parents, Nathalie et Laurent qui n&#8217;avaient pas du tout pr\u00e9vu de voir le match parce qu\u2019ils n\u2019\u00e9taient pas vraiment amateurs de foot, avaient \u00e9t\u00e9 port\u00e9s par&#46;&#46;&#46;<\/p>\n","protected":false},"author":1,"featured_media":0,"comment_status":"closed","ping_status":"closed","sticky":false,"template":"","format":"standard","meta":{"_crdt_document":"","footnotes":""},"categories":[27],"tags":[350,349,351,348],"class_list":["post-269","post","type-post","status-publish","format-standard","hentry","category-sports-et-spectacles","tag-350","tag-cupe-du-monde","tag-foule","tag-zidane"],"jetpack_featured_media_url":"","_links":{"self":[{"href":"https:\/\/grenierdecourbevoie.fr\/index.php\/wp-json\/wp\/v2\/posts\/269","targetHints":{"allow":["GET"]}}],"collection":[{"href":"https:\/\/grenierdecourbevoie.fr\/index.php\/wp-json\/wp\/v2\/posts"}],"about":[{"href":"https:\/\/grenierdecourbevoie.fr\/index.php\/wp-json\/wp\/v2\/types\/post"}],"author":[{"embeddable":true,"href":"https:\/\/grenierdecourbevoie.fr\/index.php\/wp-json\/wp\/v2\/users\/1"}],"replies":[{"embeddable":true,"href":"https:\/\/grenierdecourbevoie.fr\/index.php\/wp-json\/wp\/v2\/comments?post=269"}],"version-history":[{"count":1,"href":"https:\/\/grenierdecourbevoie.fr\/index.php\/wp-json\/wp\/v2\/posts\/269\/revisions"}],"predecessor-version":[{"id":270,"href":"https:\/\/grenierdecourbevoie.fr\/index.php\/wp-json\/wp\/v2\/posts\/269\/revisions\/270"}],"wp:attachment":[{"href":"https:\/\/grenierdecourbevoie.fr\/index.php\/wp-json\/wp\/v2\/media?parent=269"}],"wp:term":[{"taxonomy":"category","embeddable":true,"href":"https:\/\/grenierdecourbevoie.fr\/index.php\/wp-json\/wp\/v2\/categories?post=269"},{"taxonomy":"post_tag","embeddable":true,"href":"https:\/\/grenierdecourbevoie.fr\/index.php\/wp-json\/wp\/v2\/tags?post=269"}],"curies":[{"name":"wp","href":"https:\/\/api.w.org\/{rel}","templated":true}]}}