{"id":271,"date":"2022-10-16T19:32:55","date_gmt":"2022-10-16T17:32:55","guid":{"rendered":"http:\/\/grenierdecourbevoie.fr\/?p=271"},"modified":"2022-10-16T19:32:56","modified_gmt":"2022-10-16T17:32:56","slug":"le-marchand-de-glaces","status":"publish","type":"post","link":"https:\/\/grenierdecourbevoie.fr\/index.php\/2022\/10\/16\/le-marchand-de-glaces\/","title":{"rendered":"Le marchand de glaces"},"content":{"rendered":"\n<p class=\"wp-block-paragraph\">Mon grand-p\u00e8re nous raconte souvent des souvenirs de son enfance et mon pr\u00e9f\u00e9r\u00e9 est celui du marchand de glaces.<\/p>\n\n\n\n<p class=\"wp-block-paragraph\">Il se souvient encore de la douce et joyeuse musique du camion du marchand de glace, qui ne passait qu\u2019un seul jour dans la semaine et jamais le m\u00eame.<\/p>\n\n\n\n<p class=\"wp-block-paragraph\">Les enfants se battaient pour pouvoir avoir au moins une glace et dans le village, c\u2019\u00e9tait premier arriv\u00e9, premier servi.<\/p>\n\n\n\n<p class=\"wp-block-paragraph\">Un jour alors que mon grand-p\u00e8re \u00e9tait malade, il entendit cette douce musique, arriva le premier et repartit aussit\u00f4t en larmes quand il <a><\/a>apprit que le glacier allait prendre sa retraite<\/p>\n\n\n\n<p class=\"wp-block-paragraph\">Pour le dernier jour ses parents vinrent acheter plusieurs glaces et ils les partag\u00e8rent tout en racontant les souvenirs nostalgiques de ce marchand qu\u2019ils avaient tant aim\u00e9.<\/p>\n","protected":false},"excerpt":{"rendered":"<p>Mon grand-p\u00e8re nous raconte souvent des souvenirs de son enfance et mon pr\u00e9f\u00e9r\u00e9 est celui du marchand de glaces. Il se souvient encore de la douce et joyeuse musique du camion du marchand de&#46;&#46;&#46;<\/p>\n","protected":false},"author":1,"featured_media":0,"comment_status":"open","ping_status":"open","sticky":false,"template":"","format":"standard","meta":{"_crdt_document":"","footnotes":""},"categories":[8,9],"tags":[352],"class_list":["post-271","post","type-post","status-publish","format-standard","hentry","category-cuisine","category-enfance","tag-glaces"],"jetpack_featured_media_url":"","_links":{"self":[{"href":"https:\/\/grenierdecourbevoie.fr\/index.php\/wp-json\/wp\/v2\/posts\/271","targetHints":{"allow":["GET"]}}],"collection":[{"href":"https:\/\/grenierdecourbevoie.fr\/index.php\/wp-json\/wp\/v2\/posts"}],"about":[{"href":"https:\/\/grenierdecourbevoie.fr\/index.php\/wp-json\/wp\/v2\/types\/post"}],"author":[{"embeddable":true,"href":"https:\/\/grenierdecourbevoie.fr\/index.php\/wp-json\/wp\/v2\/users\/1"}],"replies":[{"embeddable":true,"href":"https:\/\/grenierdecourbevoie.fr\/index.php\/wp-json\/wp\/v2\/comments?post=271"}],"version-history":[{"count":1,"href":"https:\/\/grenierdecourbevoie.fr\/index.php\/wp-json\/wp\/v2\/posts\/271\/revisions"}],"predecessor-version":[{"id":272,"href":"https:\/\/grenierdecourbevoie.fr\/index.php\/wp-json\/wp\/v2\/posts\/271\/revisions\/272"}],"wp:attachment":[{"href":"https:\/\/grenierdecourbevoie.fr\/index.php\/wp-json\/wp\/v2\/media?parent=271"}],"wp:term":[{"taxonomy":"category","embeddable":true,"href":"https:\/\/grenierdecourbevoie.fr\/index.php\/wp-json\/wp\/v2\/categories?post=271"},{"taxonomy":"post_tag","embeddable":true,"href":"https:\/\/grenierdecourbevoie.fr\/index.php\/wp-json\/wp\/v2\/tags?post=271"}],"curies":[{"name":"wp","href":"https:\/\/api.w.org\/{rel}","templated":true}]}}