{"id":275,"date":"2022-10-16T23:00:27","date_gmt":"2022-10-16T21:00:27","guid":{"rendered":"http:\/\/grenierdecourbevoie.fr\/?p=275"},"modified":"2022-10-16T23:00:28","modified_gmt":"2022-10-16T21:00:28","slug":"lami-des-lames","status":"publish","type":"post","link":"https:\/\/grenierdecourbevoie.fr\/index.php\/2022\/10\/16\/lami-des-lames\/","title":{"rendered":"L\u2019ami des lames"},"content":{"rendered":"\n<p class=\"wp-block-paragraph\">Il s\u2018agit d\u2019une histoire que mon arri\u00e8re-grand-m\u00e8re racontait r\u00e9guli\u00e8rement dans les repas de famille.<\/p>\n\n\n\n<p class=\"wp-block-paragraph\">A l\u2019\u00e9poque, ils habitaient \u00e0 Chamb\u00e9ry et tenaient un magasin de couteaux et de parapluies dans le quartier de la gare.<\/p>\n\n\n\n<p class=\"wp-block-paragraph\">Au printemps 44, les Am\u00e9ricains bombardaient la gare de Chamb\u00e9ry pour d\u00e9truire les moyens ferroviaires des Allemands. Le quartier \u00e9tait devenu dangereux, d\u2019autant plus qu\u2019elle \u00e9tait enceinte de ma grand-m\u00e8re.<\/p>\n\n\n\n<p class=\"wp-block-paragraph\">&nbsp;Ils furent alors h\u00e9berg\u00e9s par la famille Opinel (les fameux couteaux !) qui habitaient \u00e0 Cognin sur les hauteurs de Chamb\u00e9ry. De fournisseur, Marcel Opinel \u00e9tait devenu un ami de la famille.<\/p>\n\n\n\n<p class=\"wp-block-paragraph\">Mon arri\u00e8re-grand-m\u00e8re \u00e9tait tr\u00e8s fi\u00e8re de raconter qu\u2019elle faisait les aller-retours \u00e0 v\u00e9lo enceinte. Elle disait que son gros ventre lui servait de laisser-passer pour les Allemands car ce n\u2019\u00e9tait pas loin de l\u2019h\u00f4pital.<\/p>\n\n\n\n<p class=\"wp-block-paragraph\">Elle racontait aussi que pendant les alertes des bombardements, ils allaient se prot\u00e9ger dans les abris qui avaient \u00e9t\u00e9 construits sous le Clos-Savoiroux, un parc de Chamb\u00e9ry, et l\u00e0 encore, son gros ventre lui servait pour entrer en priorit\u00e9.<\/p>\n\n\n\n<p class=\"wp-block-paragraph\">Ma grand-m\u00e8re est n\u00e9e le 29 septembre 1944, ce fut la fin de son laisser-passer visuel et presque celle de la guerre.<\/p>\n\n\n\n<p class=\"wp-block-paragraph\">Mes grands-parents sont rest\u00e9s tr\u00e8s proches de Marcel Opinel qui les avaient beaucoup aid\u00e9s pendant la guerre, et ma m\u00e8re a eu la chance le rencontrer quand elle \u00e9tait petite et de passer ses mercredis \u00e0 la coutellerie.<\/p>\n","protected":false},"excerpt":{"rendered":"<p>Il s\u2018agit d\u2019une histoire que mon arri\u00e8re-grand-m\u00e8re racontait r\u00e9guli\u00e8rement dans les repas de famille. A l\u2019\u00e9poque, ils habitaient \u00e0 Chamb\u00e9ry et tenaient un magasin de couteaux et de parapluies dans le quartier de la&#46;&#46;&#46;<\/p>\n","protected":false},"author":1,"featured_media":0,"comment_status":"closed","ping_status":"closed","sticky":false,"template":"","format":"standard","meta":{"_crdt_document":"","footnotes":""},"categories":[24,11],"tags":[73,318,299,356,141,354,357,358,353,355],"class_list":["post-275","post","type-post","status-publish","format-standard","hentry","category-guerre","category-objets","tag-73","tag-accouchement","tag-allemands","tag-americains","tag-bombardement","tag-chambery","tag-clos-savoiroux","tag-cognin","tag-couteau","tag-opinel"],"jetpack_featured_media_url":"","_links":{"self":[{"href":"https:\/\/grenierdecourbevoie.fr\/index.php\/wp-json\/wp\/v2\/posts\/275","targetHints":{"allow":["GET"]}}],"collection":[{"href":"https:\/\/grenierdecourbevoie.fr\/index.php\/wp-json\/wp\/v2\/posts"}],"about":[{"href":"https:\/\/grenierdecourbevoie.fr\/index.php\/wp-json\/wp\/v2\/types\/post"}],"author":[{"embeddable":true,"href":"https:\/\/grenierdecourbevoie.fr\/index.php\/wp-json\/wp\/v2\/users\/1"}],"replies":[{"embeddable":true,"href":"https:\/\/grenierdecourbevoie.fr\/index.php\/wp-json\/wp\/v2\/comments?post=275"}],"version-history":[{"count":1,"href":"https:\/\/grenierdecourbevoie.fr\/index.php\/wp-json\/wp\/v2\/posts\/275\/revisions"}],"predecessor-version":[{"id":276,"href":"https:\/\/grenierdecourbevoie.fr\/index.php\/wp-json\/wp\/v2\/posts\/275\/revisions\/276"}],"wp:attachment":[{"href":"https:\/\/grenierdecourbevoie.fr\/index.php\/wp-json\/wp\/v2\/media?parent=275"}],"wp:term":[{"taxonomy":"category","embeddable":true,"href":"https:\/\/grenierdecourbevoie.fr\/index.php\/wp-json\/wp\/v2\/categories?post=275"},{"taxonomy":"post_tag","embeddable":true,"href":"https:\/\/grenierdecourbevoie.fr\/index.php\/wp-json\/wp\/v2\/tags?post=275"}],"curies":[{"name":"wp","href":"https:\/\/api.w.org\/{rel}","templated":true}]}}