{"id":286,"date":"2022-10-17T11:04:00","date_gmt":"2022-10-17T09:04:00","guid":{"rendered":"http:\/\/grenierdecourbevoie.fr\/?p=286"},"modified":"2022-10-17T11:04:01","modified_gmt":"2022-10-17T09:04:01","slug":"perdue-sous-les-bombes","status":"publish","type":"post","link":"https:\/\/grenierdecourbevoie.fr\/index.php\/2022\/10\/17\/perdue-sous-les-bombes\/","title":{"rendered":"Perdue sous les bombes"},"content":{"rendered":"\n<p class=\"wp-block-paragraph\">C\u2019est une histoire que ma grand-m\u00e8re nous racontait souvent et qui s\u2019est pass\u00e9e \u00e0 Angers pendant la seconde guerre mondiale.<\/p>\n\n\n\n<p class=\"wp-block-paragraph\">Il faut savoir que sa maman ne s\u2019occupait pas vraiment d\u2019elle, donc \u00e0 partir de ses trois mois elle a \u00e9t\u00e9 \u00e9lev\u00e9e par des parents nourriciers jusqu\u2019\u00e0 12 ans. Sa maman la prenait de temps en temps, mais c\u2019\u00e9tait tr\u00e8s rare.<\/p>\n\n\n\n<p class=\"wp-block-paragraph\">En 1940, ils avaient \u00e9t\u00e9 avertis que les Allemands allaient bombarder la gare d\u2019Angers et ses alentours, or sa maman habitait \u00e0 c\u00f4t\u00e9 : Place de l\u2019Acad\u00e9mie.<\/p>\n\n\n\n<p class=\"wp-block-paragraph\">Ce week-end-l\u00e0, celle-ci avait d\u00e9cid\u00e9 de prendre sa fille. Son p\u00e8re nourricier ne comprenait pas ce choix \u00e9tant donn\u00e9 le danger, mais elle insista quand m\u00eame pour venir la chercher la fillette de sept ans et l\u2019emmener chez elle.<\/p>\n\n\n\n<p class=\"wp-block-paragraph\">Le jour venu, un samedi de juin \u00e0 23 heures, ma grand-m\u00e8re dormait dans son lit quand elle entendit et vit un avion bombarder, \u00e7a ressemblait \u00e0 une boule de feu dans le ciel. Sa maman vint la voir pour lui dire de venir vite.<\/p>\n\n\n\n<p class=\"wp-block-paragraph\">&nbsp;&nbsp;&nbsp;&nbsp; &nbsp;&nbsp;&nbsp;&nbsp;&nbsp;Au lieu de prendre la main de ma grand-m\u00e8re, elle saisit une valise remplie de papiers et, croyant que ma grand-m\u00e8re la suivait, elle partit se cacher. Ma grand-m\u00e8re l\u2019avait perdue de vue et l\u2019appelait en vain. Elle emprunta un boulevard sans savoir o\u00f9 elle allait et croisa un homme qui ramassait ses bonbonnes de vin. Ma grand-m\u00e8re lui demanda de l\u2019aide mais il r\u00e9pondit qu\u2019il n\u2019avait pas le temps (le lendemain on le retrouva mort, tu\u00e9 par une bombe). Ma grand-m\u00e8re continua donc de longer le boulevard.<\/p>\n\n\n\n<p class=\"wp-block-paragraph\">&nbsp;&nbsp;&nbsp;&nbsp;&nbsp; &nbsp;&nbsp;&nbsp;&nbsp;Elle vit un portail entrouvert et c\u2019est l\u00e0 qu\u2019elle rencontra la coiffeuse ; son salon se trouvait dans le b\u00e2timent o\u00f9 vivait sa m\u00e8re. Quand elle vit cette petite fille, elle lui demanda o\u00f9 \u00e9tait sa maman et l\u2019enfant r\u00e9pondit \u00ab je ne sais pas \u00bb. Elle resta donc avec la coiffeuse jusqu\u2019\u00e0 ce que les bombardements s\u2019arr\u00eatent.<\/p>\n\n\n\n<p class=\"wp-block-paragraph\">Cette derni\u00e8re la ramena ensuite chez sa maman. Elles lui demand\u00e8rent o\u00f9 elle s\u2019\u00e9tait cach\u00e9e et elle r\u00e9pondit \u00ab dans l\u2019\u00e9glise Saint-Laud \u00bb.<\/p>\n\n\n\n<p class=\"wp-block-paragraph\">La coiffeuse lui dit&nbsp;: \u00ab quand on a une petite fille de sept ans, on la prend par la main \u00bb.<\/p>\n\n\n\n<p class=\"wp-block-paragraph\">Le matin, quand son p\u00e8re nourricier constata que les bombes ne tombaient plus, il dit \u00e0 sa femme qu\u2019il allait chercher ma grand-m\u00e8re en v\u00e9lo. Il \u00e9tait tr\u00e8s en col\u00e8re.<\/p>\n","protected":false},"excerpt":{"rendered":"<p>C\u2019est une histoire que ma grand-m\u00e8re nous racontait souvent et qui s\u2019est pass\u00e9e \u00e0 Angers pendant la seconde guerre mondiale. Il faut savoir que sa maman ne s\u2019occupait pas vraiment d\u2019elle, donc \u00e0 partir&#46;&#46;&#46;<\/p>\n","protected":false},"author":1,"featured_media":0,"comment_status":"closed","ping_status":"closed","sticky":false,"template":"","format":"standard","meta":{"_crdt_document":"","footnotes":""},"categories":[9,24],"tags":[381,141,380,376,382],"class_list":["post-286","post","type-post","status-publish","format-standard","hentry","category-enfance","category-guerre","tag-angers","tag-bombardement","tag-coiffeuse","tag-deuxieme-guerre-mondiale","tag-famille-daccueil"],"jetpack_featured_media_url":"","_links":{"self":[{"href":"https:\/\/grenierdecourbevoie.fr\/index.php\/wp-json\/wp\/v2\/posts\/286","targetHints":{"allow":["GET"]}}],"collection":[{"href":"https:\/\/grenierdecourbevoie.fr\/index.php\/wp-json\/wp\/v2\/posts"}],"about":[{"href":"https:\/\/grenierdecourbevoie.fr\/index.php\/wp-json\/wp\/v2\/types\/post"}],"author":[{"embeddable":true,"href":"https:\/\/grenierdecourbevoie.fr\/index.php\/wp-json\/wp\/v2\/users\/1"}],"replies":[{"embeddable":true,"href":"https:\/\/grenierdecourbevoie.fr\/index.php\/wp-json\/wp\/v2\/comments?post=286"}],"version-history":[{"count":1,"href":"https:\/\/grenierdecourbevoie.fr\/index.php\/wp-json\/wp\/v2\/posts\/286\/revisions"}],"predecessor-version":[{"id":287,"href":"https:\/\/grenierdecourbevoie.fr\/index.php\/wp-json\/wp\/v2\/posts\/286\/revisions\/287"}],"wp:attachment":[{"href":"https:\/\/grenierdecourbevoie.fr\/index.php\/wp-json\/wp\/v2\/media?parent=286"}],"wp:term":[{"taxonomy":"category","embeddable":true,"href":"https:\/\/grenierdecourbevoie.fr\/index.php\/wp-json\/wp\/v2\/categories?post=286"},{"taxonomy":"post_tag","embeddable":true,"href":"https:\/\/grenierdecourbevoie.fr\/index.php\/wp-json\/wp\/v2\/tags?post=286"}],"curies":[{"name":"wp","href":"https:\/\/api.w.org\/{rel}","templated":true}]}}