{"id":288,"date":"2022-10-17T11:06:08","date_gmt":"2022-10-17T09:06:08","guid":{"rendered":"http:\/\/grenierdecourbevoie.fr\/?p=288"},"modified":"2022-10-17T11:06:08","modified_gmt":"2022-10-17T09:06:08","slug":"histoire-vaseuse","status":"publish","type":"post","link":"https:\/\/grenierdecourbevoie.fr\/index.php\/2022\/10\/17\/histoire-vaseuse\/","title":{"rendered":"Histoire vaseuse"},"content":{"rendered":"\n<p class=\"wp-block-paragraph\">Il y a deux-trois ans, avec ma famille, on a voulu d\u00e9couvrir l\u2019\u00eele de R\u00e9.<\/p>\n\n\n\n<p class=\"wp-block-paragraph\">L\u00e0-bas, la principale activit\u00e9 c\u2019est le v\u00e9lo, donc, \u00e9videmment, on a fait du v\u00e9lo.<\/p>\n\n\n\n<p class=\"wp-block-paragraph\">Un jour, nous avons p\u00e9dal\u00e9 jusqu\u2019au Phare des Baleines.<\/p>\n\n\n\n<p class=\"wp-block-paragraph\">Dans les alentours du Phare, il y a des restaurants et quelques boutiques. Nous avons gar\u00e9 les v\u00e9los puis nous nous sommes attabl\u00e9s \u00e0 un restaurant pour r\u00e9cup\u00e9rer.<\/p>\n\n\n\n<p class=\"wp-block-paragraph\">Il commen\u00e7ait \u00e0 faire tard. Nous avons quitt\u00e9 le restaurant, repris les v\u00e9los et nous sommes pass\u00e9s par un chemin bord\u00e9 de mar\u00e9cages et peupl\u00e9 de nuages de moustiques et de moucherons. J\u2019ai l\u00e2ch\u00e9 une seconde mon guidon pour d\u00e9gager les moucherons de ma vue, ce qui m\u2019a fait d\u00e9vier de la route et je suis tomb\u00e9e dans un mar\u00e9cage. Mon r\u00e9flexe a \u00e9t\u00e9 de crier \u00ab \u00e0 l\u2019aide \u00bb. Mes parents et mon fr\u00e8re sont intervenus tr\u00e8s rapidement afin de m\u2019extirper de cette vase naus\u00e9abonde.<\/p>\n\n\n\n<p class=\"wp-block-paragraph\">Je m\u2019en suis sortie avec quelques \u00e9raflures et les v\u00eatements tremp\u00e9s. Heureusement, le temps \u00e9tait doux, car il fallait faire encore quelques kilom\u00e8tres pour rentrer \u00e0 l\u2019h\u00f4tel.<\/p>\n\n\n\n<p class=\"wp-block-paragraph\">D\u00e8s mon arriv\u00e9e, je me suis lav\u00e9e&#8230;vigoureusement<\/p>\n","protected":false},"excerpt":{"rendered":"<p>Il y a deux-trois ans, avec ma famille, on a voulu d\u00e9couvrir l\u2019\u00eele de R\u00e9. L\u00e0-bas, la principale activit\u00e9 c\u2019est le v\u00e9lo, donc, \u00e9videmment, on a fait du v\u00e9lo. Un jour, nous avons p\u00e9dal\u00e9&#46;&#46;&#46;<\/p>\n","protected":false},"author":1,"featured_media":0,"comment_status":"closed","ping_status":"closed","sticky":false,"template":"","format":"standard","meta":{"_crdt_document":"","footnotes":""},"categories":[15,9,12],"tags":[385,384,383,301],"class_list":["post-288","post","type-post","status-publish","format-standard","hentry","category-accidents","category-enfance","category-vacances-et-fetes","tag-chute","tag-ile-de-re","tag-phare-des-baleines","tag-velo"],"jetpack_featured_media_url":"","_links":{"self":[{"href":"https:\/\/grenierdecourbevoie.fr\/index.php\/wp-json\/wp\/v2\/posts\/288","targetHints":{"allow":["GET"]}}],"collection":[{"href":"https:\/\/grenierdecourbevoie.fr\/index.php\/wp-json\/wp\/v2\/posts"}],"about":[{"href":"https:\/\/grenierdecourbevoie.fr\/index.php\/wp-json\/wp\/v2\/types\/post"}],"author":[{"embeddable":true,"href":"https:\/\/grenierdecourbevoie.fr\/index.php\/wp-json\/wp\/v2\/users\/1"}],"replies":[{"embeddable":true,"href":"https:\/\/grenierdecourbevoie.fr\/index.php\/wp-json\/wp\/v2\/comments?post=288"}],"version-history":[{"count":1,"href":"https:\/\/grenierdecourbevoie.fr\/index.php\/wp-json\/wp\/v2\/posts\/288\/revisions"}],"predecessor-version":[{"id":289,"href":"https:\/\/grenierdecourbevoie.fr\/index.php\/wp-json\/wp\/v2\/posts\/288\/revisions\/289"}],"wp:attachment":[{"href":"https:\/\/grenierdecourbevoie.fr\/index.php\/wp-json\/wp\/v2\/media?parent=288"}],"wp:term":[{"taxonomy":"category","embeddable":true,"href":"https:\/\/grenierdecourbevoie.fr\/index.php\/wp-json\/wp\/v2\/categories?post=288"},{"taxonomy":"post_tag","embeddable":true,"href":"https:\/\/grenierdecourbevoie.fr\/index.php\/wp-json\/wp\/v2\/tags?post=288"}],"curies":[{"name":"wp","href":"https:\/\/api.w.org\/{rel}","templated":true}]}}