{"id":292,"date":"2022-10-17T11:12:24","date_gmt":"2022-10-17T09:12:24","guid":{"rendered":"http:\/\/grenierdecourbevoie.fr\/?p=292"},"modified":"2022-10-17T11:12:25","modified_gmt":"2022-10-17T09:12:25","slug":"la-route-des-diamants","status":"publish","type":"post","link":"https:\/\/grenierdecourbevoie.fr\/index.php\/2022\/10\/17\/la-route-des-diamants\/","title":{"rendered":"La route des diamants"},"content":{"rendered":"\n<p class=\"wp-block-paragraph\">Tout commence une journ\u00e9e d\u2019\u00e9t\u00e9 dans les ann\u00e9es 70. Ma grand-m\u00e8re rencontre mon grand-p\u00e8re pr\u00e8s d\u2019une mine au Za\u00efre, aujourd\u2019hui R\u00e9publique D\u00e9mocratique du Congo.<\/p>\n\n\n\n<p class=\"wp-block-paragraph\">D\u00e8s le premier regard, c\u2019est le coup de foudre instantan\u00e9. \u00c0 peine l\u2019\u00e9t\u00e9 termin\u00e9, mon grand-p\u00e8re \u00e9pouse tr\u00e8s vite ma grand-m\u00e8re. Ils vivent quelques ann\u00e9es \u00e0 Kinshasa, la capitale du Za\u00efre.<\/p>\n\n\n\n<p class=\"wp-block-paragraph\">D\u00e8s lors que ma grand-m\u00e8re donne naissance \u00e0 mon p\u00e8re, ils d\u00e9cident d\u2019immigrer en Belgique puis en r\u00e9gion parisienne o\u00f9 ils travaillent tous les deux.<\/p>\n\n\n\n<p class=\"wp-block-paragraph\">Ma grand-m\u00e8re est gouvernante dans des h\u00f4tels et mon grand-p\u00e8re maitre de chantier.<\/p>\n\n\n\n<p class=\"wp-block-paragraph\">Cinq ann\u00e9es plus tard, mes grands-parents ont deux jolies petites filles.<\/p>\n\n\n\n<p class=\"wp-block-paragraph\">Un jour, mon grand-p\u00e8re part seul, sans explications au Za\u00efre, son pays natal.<\/p>\n\n\n\n<p class=\"wp-block-paragraph\">Personne ne sait pour quelles raisons, il a d\u00e9cid\u00e9 de partir. Triste et d\u00e9sempar\u00e9e, ma grand-m\u00e8re retourne par amour au Za\u00efre et revient en France, accompagn\u00e9e de mon grand-p\u00e8re.<\/p>\n\n\n\n<p class=\"wp-block-paragraph\">Elle tombe enceinte d\u2019un gar\u00e7on. La famille est heureuse et combl\u00e9e jusqu\u2019au deuxi\u00e8me abandon de mon grand-p\u00e8re qui quitte d\u00e9finitivement la France pour le Za\u00efre au d\u00e9but des ann\u00e9es 90.<\/p>\n\n\n\n<p class=\"wp-block-paragraph\">Il est parti \u00e0 la recherche de diamants et de pierres pr\u00e9cieuses avec un ami originaire du Rwanda. Son partenaire creuse dans les mines qu\u2019ils exploitent et lui r\u00e9cup\u00e8re les diamants \u00e0 l\u2019aide d\u2019un tamis et il les lave. Ils travaillent d\u2019arrache-pied six jours sur sept, du lever au coucher du soleil et cela pendant plus de cinq longues ann\u00e9es.<\/p>\n\n\n\n<p class=\"wp-block-paragraph\">Ils r\u00e9coltent un grand nombre de pierres pr\u00e9cieuses et diamants qu\u2019ils vendent \u00e0 un riche homme d\u2019affaires belge. Mon grand-p\u00e8re ouvre avec son argent un orphelinat. L\u2019\u00e9tablissement accueille des enfants za\u00efrois mais aussi beaucoup de Rwandais. \u00c0 cette \u00e9poque beaucoup de familles rwandaises fuient leur pays \u00e0 cause du g\u00e9nocide. Mon grand-p\u00e8re participe \u00e9norm\u00e9ment \u00e0 la vie dans l\u2019orphelinat, il donne des cours de fran\u00e7ais, de grammaire, d\u2019orthographe et d\u2019histoire aux enfants. Il a \u00e9galement financ\u00e9 un dispensaire qui existe encore aujourd\u2019hui. Il travaille avec des associations humanitaires, fait des dons, apporte des v\u00eatements&#8230;<\/p>\n\n\n\n<p class=\"wp-block-paragraph\">C\u2019\u00e9tait un homme tr\u00e8s aim\u00e9 des habitants de son quartier. Il rencontre m\u00eame le pr\u00e9sident de l\u2019\u00e9poque, Kabila avec qui il entretient de bonnes relations.<\/p>\n\n\n\n<p class=\"wp-block-paragraph\">Alors qu\u2019il se rend dans une compagnie mini\u00e8re sp\u00e9cialis\u00e9e dans l\u2019extraction de diamants, il est assassin\u00e9 par des troupes rebelles, oppos\u00e9es au gouvernement.<\/p>\n","protected":false},"excerpt":{"rendered":"<p>Tout commence une journ\u00e9e d\u2019\u00e9t\u00e9 dans les ann\u00e9es 70. Ma grand-m\u00e8re rencontre mon grand-p\u00e8re pr\u00e8s d\u2019une mine au Za\u00efre, aujourd\u2019hui R\u00e9publique D\u00e9mocratique du Congo. D\u00e8s le premier regard, c\u2019est le coup de foudre instantan\u00e9.&#46;&#46;&#46;<\/p>\n","protected":false},"author":1,"featured_media":0,"comment_status":"closed","ping_status":"closed","sticky":false,"template":"","format":"standard","meta":{"_crdt_document":"","footnotes":""},"categories":[7,11,28],"tags":[389,394,393,390,136,392,264,395,391],"class_list":["post-292","post","type-post","status-publish","format-standard","hentry","category-voyage","category-objets","category-travail","tag-diamants","tag-kabila","tag-kinshasa","tag-mine","tag-mineur","tag-orphelinat","tag-rdc","tag-rwanda","tag-zaire"],"jetpack_featured_media_url":"","_links":{"self":[{"href":"https:\/\/grenierdecourbevoie.fr\/index.php\/wp-json\/wp\/v2\/posts\/292","targetHints":{"allow":["GET"]}}],"collection":[{"href":"https:\/\/grenierdecourbevoie.fr\/index.php\/wp-json\/wp\/v2\/posts"}],"about":[{"href":"https:\/\/grenierdecourbevoie.fr\/index.php\/wp-json\/wp\/v2\/types\/post"}],"author":[{"embeddable":true,"href":"https:\/\/grenierdecourbevoie.fr\/index.php\/wp-json\/wp\/v2\/users\/1"}],"replies":[{"embeddable":true,"href":"https:\/\/grenierdecourbevoie.fr\/index.php\/wp-json\/wp\/v2\/comments?post=292"}],"version-history":[{"count":1,"href":"https:\/\/grenierdecourbevoie.fr\/index.php\/wp-json\/wp\/v2\/posts\/292\/revisions"}],"predecessor-version":[{"id":293,"href":"https:\/\/grenierdecourbevoie.fr\/index.php\/wp-json\/wp\/v2\/posts\/292\/revisions\/293"}],"wp:attachment":[{"href":"https:\/\/grenierdecourbevoie.fr\/index.php\/wp-json\/wp\/v2\/media?parent=292"}],"wp:term":[{"taxonomy":"category","embeddable":true,"href":"https:\/\/grenierdecourbevoie.fr\/index.php\/wp-json\/wp\/v2\/categories?post=292"},{"taxonomy":"post_tag","embeddable":true,"href":"https:\/\/grenierdecourbevoie.fr\/index.php\/wp-json\/wp\/v2\/tags?post=292"}],"curies":[{"name":"wp","href":"https:\/\/api.w.org\/{rel}","templated":true}]}}