{"id":300,"date":"2022-10-17T11:54:28","date_gmt":"2022-10-17T09:54:28","guid":{"rendered":"http:\/\/grenierdecourbevoie.fr\/?p=300"},"modified":"2022-10-17T11:54:28","modified_gmt":"2022-10-17T09:54:28","slug":"un-combat-douloureux","status":"publish","type":"post","link":"https:\/\/grenierdecourbevoie.fr\/index.php\/2022\/10\/17\/un-combat-douloureux\/","title":{"rendered":"Un combat douloureux"},"content":{"rendered":"\n<p class=\"wp-block-paragraph\">Mon grand-p\u00e8re a fait la guerre d\u2019Alg\u00e9rie de 1954 jusqu\u2019\u00e0 1962 dans l\u2019Oranais, dans l\u2019ouest du pays.<\/p>\n\n\n\n<p class=\"wp-block-paragraph\">Cette histoire d\u00e9bute quand il avait 17 ans apr\u00e8s avoir vu ses deux fr\u00e8res tu\u00e9s par des soldats fran\u00e7ais. A ce moment- l\u00e0,&nbsp;il a jur\u00e9 de rejoindre d\u2019autres combattants qui avaient&nbsp;v\u00e9cu une histoire comparable \u00e0 la sienne.&nbsp;<\/p>\n\n\n\n<p class=\"wp-block-paragraph\">Les combats se sont d\u00e9roul\u00e9s sous le commandement du Front de Lib\u00e9ration Nationale (FLN). Mon grand-p\u00e8re m&#8217;a racont\u00e9 le harc\u00e8lement subi par les envahisseurs fran\u00e7ais qui ne respectaient aucun droit humanitaire &#8211; par exemple un citoyen alg\u00e9rien travaillait deux fois plus qu\u2019un citoyen fran\u00e7ais et gagnait moins, l\u2019\u00e9galit\u00e9 n\u2019existait pas et le racisme d\u00e9passait l\u2019imagination.&nbsp;<\/p>\n\n\n\n<p class=\"wp-block-paragraph\">En 1958,&nbsp;pendant un affrontement, mon grand-p\u00e8re a re\u00e7u une balle perdue dans la jambe gauche. Il est parvenu \u00e0 se cacher pour ne pas \u00eatre captur\u00e9.<\/p>\n\n\n\n<p class=\"wp-block-paragraph\">A cette p\u00e9riode, il n\u2019y avait pas de chirurgiens ni de sp\u00e9cialistes dans les rangs alg\u00e9riens, il a donc \u00e9t\u00e9&nbsp;soign\u00e9 avec les moyens du bord.<\/p>\n\n\n\n<p class=\"wp-block-paragraph\">Les soignants non qualifi\u00e9s ont pu quand m\u00eame arr\u00eater l\u2019h\u00e9morragie et il est rest\u00e9 allong\u00e9 plus d&#8217;un mois dans une grotte jusqu\u2019\u00e0 ce que la plaie cicatrise.&nbsp;<\/p>\n\n\n\n<p class=\"wp-block-paragraph\">Je lui ai demand\u00e9&nbsp;: \u00ab&nbsp;combien de soldats ennemis as-tu \u00e9limin\u00e9s ?&nbsp;\u00bb&nbsp;&nbsp;Apr\u00e8s un long moment de r\u00e9flexion, il m\u2019a r\u00e9pondu&nbsp;: \u00ab&nbsp;aucun soldat ne peut savoir combien de gens il a bless\u00e9s ou tu\u00e9s ; ce qui est s\u00fbr, c\u2019est qu\u2019il y a eu de grosses pertes dans les deux camps. Cette guerre pour l&#8217;ind\u00e9pendance a \u00e9t\u00e9 n\u00e9cessaire mais personne ne l&#8217;a aim\u00e9e \u00e0 cause de cela. Bien qu&#8217;elle ait donn\u00e9&nbsp;l\u2019ind\u00e9pendance, elle a repr\u00e9sent\u00e9 de grandes souffrances&#8221;.<br>Je garde de son t\u00e9moignage l&#8217;id\u00e9e personnelle qu&#8217;il est pr\u00e9f\u00e9rable de chercher \u00e0&nbsp;r\u00e9gler&nbsp;les conflits \u00e0 l&#8217;amiable.<\/p>\n","protected":false},"excerpt":{"rendered":"<p>Mon grand-p\u00e8re a fait la guerre d\u2019Alg\u00e9rie de 1954 jusqu\u2019\u00e0 1962 dans l\u2019Oranais, dans l\u2019ouest du pays. Cette histoire d\u00e9bute quand il avait 17 ans apr\u00e8s avoir vu ses deux fr\u00e8res tu\u00e9s par des&#46;&#46;&#46;<\/p>\n","protected":false},"author":1,"featured_media":0,"comment_status":"closed","ping_status":"closed","sticky":false,"template":"","format":"standard","meta":{"_crdt_document":"","footnotes":""},"categories":[24],"tags":[16,278,103,404,307,105,405,402],"class_list":["post-300","post","type-post","status-publish","format-standard","hentry","category-guerre","tag-algerie","tag-blessure","tag-discrimination","tag-engagement","tag-fln","tag-guerre-dalgerie","tag-oranais","tag-racisme"],"jetpack_featured_media_url":"","_links":{"self":[{"href":"https:\/\/grenierdecourbevoie.fr\/index.php\/wp-json\/wp\/v2\/posts\/300","targetHints":{"allow":["GET"]}}],"collection":[{"href":"https:\/\/grenierdecourbevoie.fr\/index.php\/wp-json\/wp\/v2\/posts"}],"about":[{"href":"https:\/\/grenierdecourbevoie.fr\/index.php\/wp-json\/wp\/v2\/types\/post"}],"author":[{"embeddable":true,"href":"https:\/\/grenierdecourbevoie.fr\/index.php\/wp-json\/wp\/v2\/users\/1"}],"replies":[{"embeddable":true,"href":"https:\/\/grenierdecourbevoie.fr\/index.php\/wp-json\/wp\/v2\/comments?post=300"}],"version-history":[{"count":1,"href":"https:\/\/grenierdecourbevoie.fr\/index.php\/wp-json\/wp\/v2\/posts\/300\/revisions"}],"predecessor-version":[{"id":301,"href":"https:\/\/grenierdecourbevoie.fr\/index.php\/wp-json\/wp\/v2\/posts\/300\/revisions\/301"}],"wp:attachment":[{"href":"https:\/\/grenierdecourbevoie.fr\/index.php\/wp-json\/wp\/v2\/media?parent=300"}],"wp:term":[{"taxonomy":"category","embeddable":true,"href":"https:\/\/grenierdecourbevoie.fr\/index.php\/wp-json\/wp\/v2\/categories?post=300"},{"taxonomy":"post_tag","embeddable":true,"href":"https:\/\/grenierdecourbevoie.fr\/index.php\/wp-json\/wp\/v2\/tags?post=300"}],"curies":[{"name":"wp","href":"https:\/\/api.w.org\/{rel}","templated":true}]}}