{"id":304,"date":"2022-10-17T12:01:00","date_gmt":"2022-10-17T10:01:00","guid":{"rendered":"http:\/\/grenierdecourbevoie.fr\/?p=304"},"modified":"2022-10-17T12:01:02","modified_gmt":"2022-10-17T10:01:02","slug":"la-reine-de-levasion","status":"publish","type":"post","link":"https:\/\/grenierdecourbevoie.fr\/index.php\/2022\/10\/17\/la-reine-de-levasion\/","title":{"rendered":"La reine de l\u2019\u00e9vasion"},"content":{"rendered":"\n<p class=\"wp-block-paragraph\">En 1940, lors de la seconde guerre mondiale en automne au mois de septembre, mon arri\u00e8re-grand-p\u00e8re Andr\u00e9 \u00e2g\u00e9 d\u2019environ 22 ans et soldat fran\u00e7ais est fait prisonnier avec ses camarades par les Allemands puis intern\u00e9 dans un camp de travail \u00e0 Dijon.<\/p>\n\n\n\n<p class=\"wp-block-paragraph\">Mon arri\u00e8re-grand-m\u00e8re qui habite \u00e0 Vermenton dans l\u2019Yonne d\u00e9cide d\u2019aller le voir pour se rassurer sur son \u00e9tat et prend le train avec une quittance de gaz comme seul papier de transport.<\/p>\n\n\n\n<p class=\"wp-block-paragraph\">Dans le train, elle se fait contr\u00f4ler par un soldat allemand qui finit par la laisser voyager, prenant la quittance de gaz pour un papier officiel avec tous ses tampons administratifs.<\/p>\n\n\n\n<p class=\"wp-block-paragraph\">Arriv\u00e9e en Bourgogne, elle demande \u00e0 diff\u00e9rents habitants s\u2019ils savent o\u00f9 se trouve le camp puis s\u00e9duit un homme pour lui emprunter sa bicyclette afin de retrouver son mari.<\/p>\n\n\n\n<p class=\"wp-block-paragraph\">En arrivant, elle r\u00e9ussit en se d\u00e9guisant en infirmi\u00e8re \u00e0 retrouver mon arri\u00e8re-grand-p\u00e8re qui va bien. Elle le fait alors sortir de ce camp en lui faisant simuler une blessure pour tromper les gardiens. Ensemble, ils s\u2019enfuient et rentrent chez eux \u00e0 Vermenton.<\/p>\n\n\n\n<p class=\"wp-block-paragraph\">Andr\u00e9 a par la suite rejoint les FFI (Forces Fran\u00e7aises de l\u2019Int\u00e9rieur jusqu\u2019\u00e0 la Lib\u00e9ration.<\/p>\n\n\n\n<p class=\"wp-block-paragraph\">Cette histoire m\u2019a \u00e9t\u00e9 racont\u00e9e par ma grand-m\u00e8re maternelle mais les d\u00e9tails concernant l\u2019\u00e9vasion sont rest\u00e9s flous dans la famille.<\/p>\n","protected":false},"excerpt":{"rendered":"<p>En 1940, lors de la seconde guerre mondiale en automne au mois de septembre, mon arri\u00e8re-grand-p\u00e8re Andr\u00e9 \u00e2g\u00e9 d\u2019environ 22 ans et soldat fran\u00e7ais est fait prisonnier avec ses camarades par les Allemands puis&#46;&#46;&#46;<\/p>\n","protected":false},"author":1,"featured_media":0,"comment_status":"closed","ping_status":"closed","sticky":false,"template":"","format":"standard","meta":{"_crdt_document":"","footnotes":""},"categories":[6,24],"tags":[299,411,414,415,376,294,89,309,76,301,412,413],"class_list":["post-304","post","type-post","status-publish","format-standard","hentry","category-amour","category-guerre","tag-allemands","tag-bourgogne","tag-camp-de-travail","tag-deguisement","tag-deuxieme-guerre-mondiale","tag-evasion","tag-ffi","tag-prisonnier","tag-resistance","tag-velo","tag-vermenton","tag-yonne"],"jetpack_featured_media_url":"","_links":{"self":[{"href":"https:\/\/grenierdecourbevoie.fr\/index.php\/wp-json\/wp\/v2\/posts\/304","targetHints":{"allow":["GET"]}}],"collection":[{"href":"https:\/\/grenierdecourbevoie.fr\/index.php\/wp-json\/wp\/v2\/posts"}],"about":[{"href":"https:\/\/grenierdecourbevoie.fr\/index.php\/wp-json\/wp\/v2\/types\/post"}],"author":[{"embeddable":true,"href":"https:\/\/grenierdecourbevoie.fr\/index.php\/wp-json\/wp\/v2\/users\/1"}],"replies":[{"embeddable":true,"href":"https:\/\/grenierdecourbevoie.fr\/index.php\/wp-json\/wp\/v2\/comments?post=304"}],"version-history":[{"count":1,"href":"https:\/\/grenierdecourbevoie.fr\/index.php\/wp-json\/wp\/v2\/posts\/304\/revisions"}],"predecessor-version":[{"id":305,"href":"https:\/\/grenierdecourbevoie.fr\/index.php\/wp-json\/wp\/v2\/posts\/304\/revisions\/305"}],"wp:attachment":[{"href":"https:\/\/grenierdecourbevoie.fr\/index.php\/wp-json\/wp\/v2\/media?parent=304"}],"wp:term":[{"taxonomy":"category","embeddable":true,"href":"https:\/\/grenierdecourbevoie.fr\/index.php\/wp-json\/wp\/v2\/categories?post=304"},{"taxonomy":"post_tag","embeddable":true,"href":"https:\/\/grenierdecourbevoie.fr\/index.php\/wp-json\/wp\/v2\/tags?post=304"}],"curies":[{"name":"wp","href":"https:\/\/api.w.org\/{rel}","templated":true}]}}