{"id":310,"date":"2022-10-17T12:16:37","date_gmt":"2022-10-17T10:16:37","guid":{"rendered":"http:\/\/grenierdecourbevoie.fr\/?p=310"},"modified":"2022-10-17T12:16:37","modified_gmt":"2022-10-17T10:16:37","slug":"vous-feriez-ca-a-votre-mere","status":"publish","type":"post","link":"https:\/\/grenierdecourbevoie.fr\/index.php\/2022\/10\/17\/vous-feriez-ca-a-votre-mere\/","title":{"rendered":"\u00ab\u00a0Vous feriez \u00e7a \u00e0 votre m\u00e8re ?\u00a0\u00bb"},"content":{"rendered":"\n<p class=\"wp-block-paragraph\">C\u2019est ce qu\u2019a demand\u00e9 mon oncle ce dimanche 6 juin 1993, le jour de la f\u00eate des m\u00e8res, o\u00f9 un bouquet de fleurs \u00e0 la main, notre h\u00e9ros venait de recevoir un coup de pied dans la m\u00e2choire.<\/p>\n\n\n\n<p class=\"wp-block-paragraph\">&nbsp;Il s\u2019appelle Pascal P\u2026, il n\u2019a pas d\u2019enfant, vit dans un quartier pauvre d\u2019une ville du 92. Il est cultiv\u00e9, avec un bon travail et un bon salaire qui lui permet de nourrir sa famille. C\u2019est un homme qui a des valeurs et des principes, comme : &#8221; l\u2019argent ne fait pas le bonheur&#8221; ou encore &#8220;la famille avant tout&#8221;.<\/p>\n\n\n\n<p class=\"wp-block-paragraph\">Nous sommes \u00e0 un an de l&#8217;\u00e9lection europ\u00e9enne quand Pascal prend la ligne B du RER et descend Gare du Nord pour chercher un bouquet\u2026 Arriv\u00e9 sur place il part chercher le plus beau bouquet pour sa m\u00e8re, Marie Martine, divorc\u00e9e, deux enfants qu\u2019elle doit nourrir, \u00e9lever et habiller avec un salaire d\u2019infirmi\u00e8re \u00e0 l&#8217;\u00e9cole Paul Bert. Arriv\u00e9 devant la boutique Debeaulieu dans la rue Henry Monnier, il prend du temps pour choisir de belles fleurs. Au bout de 10 min, il repart avec un \u00e9norme bouquet \u00e0 la main, une multitude de fleurs, allant de la rose au muguet en passant par le coquelicot et le lys.<\/p>\n\n\n\n<p class=\"wp-block-paragraph\">Dans le train du retour vers 11 h, c\u2019est blind\u00e9 de monde, tout le monde s\u2019\u00e9crase c\u2019est de la folie pure. On peut y trouver des gens de 6 ans \u00e0 70 ans, Il y a des jeunes de forte corpulence, la vingtaine, peau claire, tous assis l\u00e0, capuche, sac \u00e0 dos, lunettes, tout en noir, \u00e9couteurs aux oreilles, rigolant assez fort. Ce sont eux qu\u2019on remarque en premier en arrivant dans ce wagon surpeupl\u00e9\u2026<\/p>\n\n\n\n<p class=\"wp-block-paragraph\">Une vieille dame veut s\u2019asseoir car elle ne se sent pas bien, elle demande gentiment de l\u2019aide aux jeunes\u2026 Les je\u00fbnes rigolent et la bousculent ! \u00c0 ce moment-l\u00e0 Pascal, essaye de la rattraper, et demande gentiment aux jeunes de se d\u00e9caler. Un des jeunes le frappe, mon oncle riposte ! Tout \u00e7a pour une vieille dame qui ne se sentait pas bien, mon oncle a re\u00e7u un coup dans la m\u00e2choire. Il ne pouvait manger que de la soupe et il est tomb\u00e9 malade. Il a perdu 20 kilos.<\/p>\n\n\n\n<p class=\"wp-block-paragraph\">Aujourd\u2019hui il est r\u00e9tabli et son entourage pense au fait qu\u2019il aurait pu mourir. Avant de partir la m\u00e2choire cass\u00e9e, d\u00e9goulinant de sang, il a dit aux jeunes du wagon : \u00ab&nbsp;Vous feriez \u00e7a \u00e0 votre m\u00e8re ?&nbsp;\u00bb<\/p>\n","protected":false},"excerpt":{"rendered":"<p>C\u2019est ce qu\u2019a demand\u00e9 mon oncle ce dimanche 6 juin 1993, le jour de la f\u00eate des m\u00e8res, o\u00f9 un bouquet de fleurs \u00e0 la main, notre h\u00e9ros venait de recevoir un coup de&#46;&#46;&#46;<\/p>\n","protected":false},"author":1,"featured_media":0,"comment_status":"closed","ping_status":"closed","sticky":false,"template":"","format":"standard","meta":{"_crdt_document":"","footnotes":""},"categories":[15],"tags":[424,423,425,422],"class_list":["post-310","post","type-post","status-publish","format-standard","hentry","category-accidents","tag-agression","tag-bagarre","tag-civisme","tag-rer"],"jetpack_featured_media_url":"","_links":{"self":[{"href":"https:\/\/grenierdecourbevoie.fr\/index.php\/wp-json\/wp\/v2\/posts\/310","targetHints":{"allow":["GET"]}}],"collection":[{"href":"https:\/\/grenierdecourbevoie.fr\/index.php\/wp-json\/wp\/v2\/posts"}],"about":[{"href":"https:\/\/grenierdecourbevoie.fr\/index.php\/wp-json\/wp\/v2\/types\/post"}],"author":[{"embeddable":true,"href":"https:\/\/grenierdecourbevoie.fr\/index.php\/wp-json\/wp\/v2\/users\/1"}],"replies":[{"embeddable":true,"href":"https:\/\/grenierdecourbevoie.fr\/index.php\/wp-json\/wp\/v2\/comments?post=310"}],"version-history":[{"count":1,"href":"https:\/\/grenierdecourbevoie.fr\/index.php\/wp-json\/wp\/v2\/posts\/310\/revisions"}],"predecessor-version":[{"id":311,"href":"https:\/\/grenierdecourbevoie.fr\/index.php\/wp-json\/wp\/v2\/posts\/310\/revisions\/311"}],"wp:attachment":[{"href":"https:\/\/grenierdecourbevoie.fr\/index.php\/wp-json\/wp\/v2\/media?parent=310"}],"wp:term":[{"taxonomy":"category","embeddable":true,"href":"https:\/\/grenierdecourbevoie.fr\/index.php\/wp-json\/wp\/v2\/categories?post=310"},{"taxonomy":"post_tag","embeddable":true,"href":"https:\/\/grenierdecourbevoie.fr\/index.php\/wp-json\/wp\/v2\/tags?post=310"}],"curies":[{"name":"wp","href":"https:\/\/api.w.org\/{rel}","templated":true}]}}