{"id":314,"date":"2022-10-17T14:18:00","date_gmt":"2022-10-17T12:18:00","guid":{"rendered":"http:\/\/grenierdecourbevoie.fr\/?p=314"},"modified":"2022-10-17T14:20:28","modified_gmt":"2022-10-17T12:20:28","slug":"mon-grand-pere-lagent-de-liaison","status":"publish","type":"post","link":"https:\/\/grenierdecourbevoie.fr\/index.php\/2022\/10\/17\/mon-grand-pere-lagent-de-liaison\/","title":{"rendered":"Mon grand-p\u00e8re, l\u2019agent de liaison"},"content":{"rendered":"\n<p class=\"wp-block-paragraph\">En 1935, mon grand-p\u00e8re travaille comme berger en Alg\u00e9rie.<\/p>\n\n\n\n<p class=\"wp-block-paragraph\">Pour changer de vie, il veut partir en France.<\/p>\n\n\n\n<p class=\"wp-block-paragraph\">A ce moment-l\u00e0, l&#8217;Alg\u00e9rie est fran\u00e7aise. Quelques mois avant que la guerre n\u2019\u00e9clate en Alg\u00e9rie, en 1954, il quitte son pays pour venir en France chercher du travail. Il a 35 ans.<\/p>\n\n\n\n<p class=\"wp-block-paragraph\">Il arrive dans un foyer de jeunes travailleurs en banlieue parisienne.<\/p>\n\n\n\n<p class=\"wp-block-paragraph\">A 40 ans, il devient, responsable de la caf\u00e9t\u00e9ria du foyer. Il sert et encaisse les consommations de ses clients.<\/p>\n\n\n\n<p class=\"wp-block-paragraph\">Le matin, il travaille \u00e0 la cafeteria comme serveur et le soir le lieu devient un refuge pour les Alg\u00e9riens sans domicile et\/ou sans argent et quelquefois des r\u00e9sistants mais pas des gens dangereux, simplement des hommes ou des femmes qui n\u2019ont plus de quoi manger. Il devient agent de liaison, c\u2019est \u00e0 dire qu\u2019il met en relation des personnes entre elles.<\/p>\n\n\n\n<p class=\"wp-block-paragraph\">Le jour de la manifestation pacifique des Alg\u00e9riens du 17 octobre 1961, il se retrouve bloqu\u00e9 dans le m\u00e9tro car les forces de l&#8217;ordre en ont condamn\u00e9 les sorties.\u00a0\u00a0 Certains de ses camarades alg\u00e9riens ont trouv\u00e9 la mort lors de cette manifestation pacifique en raison de la r\u00e9pression des forces de l&#8217;ordre agissant sous l&#8217;autorit\u00e9 du Pr\u00e9fet de Police Maurice Papon.<\/p>\n\n\n\n<p class=\"wp-block-paragraph\">A l&#8217;issue de cette journ\u00e9e, mon grand-p\u00e8re cessa toute activit\u00e9 avec la R\u00e9sistance.<\/p>\n\n\n\n<p class=\"wp-block-paragraph\">Ces ann\u00e9es-l\u00e0 l&#8217;ont marqu\u00e9 et restent grav\u00e9es pour toujours dans sa m\u00e9moire.<\/p>\n","protected":false},"excerpt":{"rendered":"<p>En 1935, mon grand-p\u00e8re travaille comme berger en Alg\u00e9rie. Pour changer de vie, il veut partir en France. A ce moment-l\u00e0, l&#8217;Alg\u00e9rie est fran\u00e7aise. Quelques mois avant que la guerre n\u2019\u00e9clate en Alg\u00e9rie, en&#46;&#46;&#46;<\/p>\n","protected":false},"author":1,"featured_media":0,"comment_status":"closed","ping_status":"closed","sticky":false,"template":"","format":"standard","meta":{"_crdt_document":"","footnotes":""},"categories":[7,24,28],"tags":[442,16,437,307,438,105,440,435,436,441],"class_list":["post-314","post","type-post","status-publish","format-standard","hentry","category-voyage","category-guerre","category-travail","tag-17-octobre-1961","tag-algerie","tag-berger","tag-fln","tag-foyer-de-jeunes-travailleurs","tag-guerre-dalgerie","tag-manifestation","tag-maurice-papon","tag-prefet-de-police","tag-repression"],"jetpack_featured_media_url":"","_links":{"self":[{"href":"https:\/\/grenierdecourbevoie.fr\/index.php\/wp-json\/wp\/v2\/posts\/314","targetHints":{"allow":["GET"]}}],"collection":[{"href":"https:\/\/grenierdecourbevoie.fr\/index.php\/wp-json\/wp\/v2\/posts"}],"about":[{"href":"https:\/\/grenierdecourbevoie.fr\/index.php\/wp-json\/wp\/v2\/types\/post"}],"author":[{"embeddable":true,"href":"https:\/\/grenierdecourbevoie.fr\/index.php\/wp-json\/wp\/v2\/users\/1"}],"replies":[{"embeddable":true,"href":"https:\/\/grenierdecourbevoie.fr\/index.php\/wp-json\/wp\/v2\/comments?post=314"}],"version-history":[{"count":2,"href":"https:\/\/grenierdecourbevoie.fr\/index.php\/wp-json\/wp\/v2\/posts\/314\/revisions"}],"predecessor-version":[{"id":317,"href":"https:\/\/grenierdecourbevoie.fr\/index.php\/wp-json\/wp\/v2\/posts\/314\/revisions\/317"}],"wp:attachment":[{"href":"https:\/\/grenierdecourbevoie.fr\/index.php\/wp-json\/wp\/v2\/media?parent=314"}],"wp:term":[{"taxonomy":"category","embeddable":true,"href":"https:\/\/grenierdecourbevoie.fr\/index.php\/wp-json\/wp\/v2\/categories?post=314"},{"taxonomy":"post_tag","embeddable":true,"href":"https:\/\/grenierdecourbevoie.fr\/index.php\/wp-json\/wp\/v2\/tags?post=314"}],"curies":[{"name":"wp","href":"https:\/\/api.w.org\/{rel}","templated":true}]}}