{"id":318,"date":"2022-10-17T14:21:54","date_gmt":"2022-10-17T12:21:54","guid":{"rendered":"http:\/\/grenierdecourbevoie.fr\/?p=318"},"modified":"2022-10-17T14:21:55","modified_gmt":"2022-10-17T12:21:55","slug":"histoire-pour-sevader","status":"publish","type":"post","link":"https:\/\/grenierdecourbevoie.fr\/index.php\/2022\/10\/17\/histoire-pour-sevader\/","title":{"rendered":"Histoire pour s\u2019\u00e9vader"},"content":{"rendered":"\n<p class=\"wp-block-paragraph\">Ma grand-m\u00e8re m\u2019a un jour racont\u00e9 que son p\u00e8re, donc mon arri\u00e8re-grand-p\u00e8re, avait fait la Seconde Guerre mondiale et qu\u2019il avait \u00e9t\u00e9 fait prisonnier.<\/p>\n\n\n\n<p class=\"wp-block-paragraph\">L\u2019histoire ne s\u2019arr\u00eate pas l\u00e0 car elle me disait \u00e9galement qu\u2019il avait r\u00e9ussi \u00e0 s\u2019\u00e9chapper de prison.&nbsp;<\/p>\n\n\n\n<p class=\"wp-block-paragraph\">Mais mon p\u00e8re me disait aussi que ma grand-m\u00e8re avait tendance \u00e0 exag\u00e9rer les histoires.<\/p>\n\n\n\n<p class=\"wp-block-paragraph\">Ce qui fait que cette histoire est une l\u00e9gende et que je ne saurais jamais la v\u00e9rit\u00e9.<\/p>\n","protected":false},"excerpt":{"rendered":"<p>Ma grand-m\u00e8re m\u2019a un jour racont\u00e9 que son p\u00e8re, donc mon arri\u00e8re-grand-p\u00e8re, avait fait la Seconde Guerre mondiale et qu\u2019il avait \u00e9t\u00e9 fait prisonnier. L\u2019histoire ne s\u2019arr\u00eate pas l\u00e0 car elle me disait \u00e9galement&#46;&#46;&#46;<\/p>\n","protected":false},"author":1,"featured_media":0,"comment_status":"closed","ping_status":"closed","sticky":false,"template":"","format":"standard","meta":{"_crdt_document":"","footnotes":""},"categories":[24,13],"tags":[376,294],"class_list":["post-318","post","type-post","status-publish","format-standard","hentry","category-guerre","category-traditions-et-legendes","tag-deuxieme-guerre-mondiale","tag-evasion"],"jetpack_featured_media_url":"","_links":{"self":[{"href":"https:\/\/grenierdecourbevoie.fr\/index.php\/wp-json\/wp\/v2\/posts\/318","targetHints":{"allow":["GET"]}}],"collection":[{"href":"https:\/\/grenierdecourbevoie.fr\/index.php\/wp-json\/wp\/v2\/posts"}],"about":[{"href":"https:\/\/grenierdecourbevoie.fr\/index.php\/wp-json\/wp\/v2\/types\/post"}],"author":[{"embeddable":true,"href":"https:\/\/grenierdecourbevoie.fr\/index.php\/wp-json\/wp\/v2\/users\/1"}],"replies":[{"embeddable":true,"href":"https:\/\/grenierdecourbevoie.fr\/index.php\/wp-json\/wp\/v2\/comments?post=318"}],"version-history":[{"count":1,"href":"https:\/\/grenierdecourbevoie.fr\/index.php\/wp-json\/wp\/v2\/posts\/318\/revisions"}],"predecessor-version":[{"id":319,"href":"https:\/\/grenierdecourbevoie.fr\/index.php\/wp-json\/wp\/v2\/posts\/318\/revisions\/319"}],"wp:attachment":[{"href":"https:\/\/grenierdecourbevoie.fr\/index.php\/wp-json\/wp\/v2\/media?parent=318"}],"wp:term":[{"taxonomy":"category","embeddable":true,"href":"https:\/\/grenierdecourbevoie.fr\/index.php\/wp-json\/wp\/v2\/categories?post=318"},{"taxonomy":"post_tag","embeddable":true,"href":"https:\/\/grenierdecourbevoie.fr\/index.php\/wp-json\/wp\/v2\/tags?post=318"}],"curies":[{"name":"wp","href":"https:\/\/api.w.org\/{rel}","templated":true}]}}