{"id":320,"date":"2022-10-17T14:23:51","date_gmt":"2022-10-17T12:23:51","guid":{"rendered":"http:\/\/grenierdecourbevoie.fr\/?p=320"},"modified":"2022-10-17T14:23:52","modified_gmt":"2022-10-17T12:23:52","slug":"la-legende","status":"publish","type":"post","link":"https:\/\/grenierdecourbevoie.fr\/index.php\/2022\/10\/17\/la-legende\/","title":{"rendered":"La l\u00e9gende"},"content":{"rendered":"\n<p class=\"wp-block-paragraph\">C\u2019est l\u2019histoire de mon grand-p\u00e8re qui \u00e9tait soldat durant la guerre d\u2019Alg\u00e9rie en 1954-1962. Mon grand-p\u00e8re est un homme avec des principes et des valeurs et c\u2019\u00e9tait son devoir de d\u00e9fendre son pays, l\u2019Alg\u00e9rie.<\/p>\n\n\n\n<p class=\"wp-block-paragraph\">En 1954, mon grand-p\u00e8re a \u00e9t\u00e9 appel\u00e9 au combat. Il a donc quitt\u00e9 sa femme et ses enfants.<\/p>\n\n\n\n<p class=\"wp-block-paragraph\">Il m\u2019a expliqu\u00e9 qu\u2019au d\u00e9but de la guerre, ils \u00e9taient bien nourris et bien log\u00e9s mais au fur et \u00e0 mesure, ils ont manqu\u00e9 de nourriture et leurs conditions de vie se sont d\u00e9grad\u00e9es de jour en jour.<\/p>\n\n\n\n<p class=\"wp-block-paragraph\">Mon grand-p\u00e8re \u00e9tait un homme qui n\u2019\u00e9tait pas violent et n\u2019avait jamais tenu une arme et jamais tu\u00e9 un homme. Il me raconta que le premier jour o\u00f9 il est parti au front, il \u00e9tait perdu, terrifi\u00e9, choqu\u00e9 de voir des personnes de la m\u00eame esp\u00e8ce s\u2019entretuer. Il perdit&nbsp;&nbsp; beaucoup d\u2019\u00eatres chers et de nombreux amis.<\/p>\n\n\n\n<p class=\"wp-block-paragraph\">Un jour, quand il \u00e9tait au front il a \u00e9t\u00e9 confront\u00e9 \u00e0 un Fran\u00e7ais bless\u00e9 et au moment o\u00f9 il a voulu l\u2019achever, il l\u2019a regard\u00e9 dans les yeux et a d\u00e9cid\u00e9 de le lui laisser la vie sauve car il n\u2019avait pas la force de tuer un homme de ses propres mains. Il restera quatre ans au front mais il dut arr\u00eater le combat car lors d\u2019une bataille, il a perdu un doigt et ne pouvait plus tirer.<\/p>\n\n\n\n<p class=\"wp-block-paragraph\">Apr\u00e8s la guerre, mon grand-p\u00e8re s\u2019installa en France avec sa femme et ses enfants dans la ville de Nanterre et donna m\u00eame naissance \u00e0 une fille en 1976 (ma m\u00e8re). Il a 84 ans est consid\u00e9r\u00e9 comme une l\u00e9gende aux yeux de ma&nbsp;famille<\/p>\n","protected":false},"excerpt":{"rendered":"<p>C\u2019est l\u2019histoire de mon grand-p\u00e8re qui \u00e9tait soldat durant la guerre d\u2019Alg\u00e9rie en 1954-1962. Mon grand-p\u00e8re est un homme avec des principes et des valeurs et c\u2019\u00e9tait son devoir de d\u00e9fendre son pays, l\u2019Alg\u00e9rie.&#46;&#46;&#46;<\/p>\n","protected":false},"author":1,"featured_media":0,"comment_status":"closed","ping_status":"closed","sticky":false,"template":"","format":"standard","meta":{"_crdt_document":"","footnotes":""},"categories":[24],"tags":[278,307,105,443,444],"class_list":["post-320","post","type-post","status-publish","format-standard","hentry","category-guerre","tag-blessure","tag-fln","tag-guerre-dalgerie","tag-nanterre","tag-soldat"],"jetpack_featured_media_url":"","_links":{"self":[{"href":"https:\/\/grenierdecourbevoie.fr\/index.php\/wp-json\/wp\/v2\/posts\/320","targetHints":{"allow":["GET"]}}],"collection":[{"href":"https:\/\/grenierdecourbevoie.fr\/index.php\/wp-json\/wp\/v2\/posts"}],"about":[{"href":"https:\/\/grenierdecourbevoie.fr\/index.php\/wp-json\/wp\/v2\/types\/post"}],"author":[{"embeddable":true,"href":"https:\/\/grenierdecourbevoie.fr\/index.php\/wp-json\/wp\/v2\/users\/1"}],"replies":[{"embeddable":true,"href":"https:\/\/grenierdecourbevoie.fr\/index.php\/wp-json\/wp\/v2\/comments?post=320"}],"version-history":[{"count":1,"href":"https:\/\/grenierdecourbevoie.fr\/index.php\/wp-json\/wp\/v2\/posts\/320\/revisions"}],"predecessor-version":[{"id":321,"href":"https:\/\/grenierdecourbevoie.fr\/index.php\/wp-json\/wp\/v2\/posts\/320\/revisions\/321"}],"wp:attachment":[{"href":"https:\/\/grenierdecourbevoie.fr\/index.php\/wp-json\/wp\/v2\/media?parent=320"}],"wp:term":[{"taxonomy":"category","embeddable":true,"href":"https:\/\/grenierdecourbevoie.fr\/index.php\/wp-json\/wp\/v2\/categories?post=320"},{"taxonomy":"post_tag","embeddable":true,"href":"https:\/\/grenierdecourbevoie.fr\/index.php\/wp-json\/wp\/v2\/tags?post=320"}],"curies":[{"name":"wp","href":"https:\/\/api.w.org\/{rel}","templated":true}]}}