{"id":332,"date":"2022-10-17T15:06:32","date_gmt":"2022-10-17T13:06:32","guid":{"rendered":"http:\/\/grenierdecourbevoie.fr\/?p=332"},"modified":"2022-10-17T15:06:33","modified_gmt":"2022-10-17T13:06:33","slug":"correspondants-de-guerre","status":"publish","type":"post","link":"https:\/\/grenierdecourbevoie.fr\/index.php\/2022\/10\/17\/correspondants-de-guerre\/","title":{"rendered":"Correspondants de guerre"},"content":{"rendered":"\n<p class=\"wp-block-paragraph\">Ma grand-m\u00e8re avait une amie qui \u00e9crivait \u00e0 un soldat pendant la guerre d\u2019Alg\u00e9rie. On les appelait les marraines de guerre.<\/p>\n\n\n\n<p class=\"wp-block-paragraph\">Jeanne, l\u2019amie de ma grand-m\u00e8re lui demanda si elle aussi voulait \u00e9crire \u00e0 un soldat, et ma grand-m\u00e8re Marie-Madeleine accepta. Jeanne demanda dans une de ses lettres \u00e0 son correspondant, s\u2019il avait un ami qui serait int\u00e9ress\u00e9 pour partager des lettres avec une femme. Le correspondant de Jeanne lui r\u00e9pondit qu\u2019il en avait un. Jeanne annon\u00e7a \u00e0 ma grand-m\u00e8re qu\u2019elle lui avait trouv\u00e9 un correspondant. Elle lui \u00e9crivit jusqu\u2019\u00e0 la fin de la guerre d\u2019Alg\u00e9rie.<\/p>\n\n\n\n<p class=\"wp-block-paragraph\">Apr\u00e8s la guerre d\u2019Alg\u00e9rie, le correspondant de ma grand-m\u00e8re, qui se nommait Jacques, rencontra en vrai ma grand-m\u00e8re. Apr\u00e8s cette rencontre, ils continu\u00e8rent \u00e0 se voir, jusqu\u2019au moment o\u00f9 ma grand-m\u00e8re tomba enceinte. Or \u00e0 l\u2019\u00e9poque avoir un enfant sans \u00eatre mari\u00e9 \u00e9tait tr\u00e8s mal vu. Alors, ils durent se marier rapidement.<\/p>\n\n\n\n<p class=\"wp-block-paragraph\">C\u2019est comme cela que ma grand-m\u00e8re et mon grand-p\u00e8re se sont rencontr\u00e9s et eurent mon oncle et ma m\u00e8re. C\u2019est une histoire familiale qu\u2019on se raconte de g\u00e9n\u00e9ration en g\u00e9n\u00e9ration.<\/p>\n","protected":false},"excerpt":{"rendered":"<p>Ma grand-m\u00e8re avait une amie qui \u00e9crivait \u00e0 un soldat pendant la guerre d\u2019Alg\u00e9rie. On les appelait les marraines de guerre. Jeanne, l\u2019amie de ma grand-m\u00e8re lui demanda si elle aussi voulait \u00e9crire \u00e0&#46;&#46;&#46;<\/p>\n","protected":false},"author":1,"featured_media":0,"comment_status":"closed","ping_status":"closed","sticky":false,"template":"","format":"standard","meta":{"_crdt_document":"","footnotes":""},"categories":[6,24],"tags":[66,105,457,456,444],"class_list":["post-332","post","type-post","status-publish","format-standard","hentry","category-amour","category-guerre","tag-grossesse","tag-guerre-dalgerie","tag-mariage","tag-marraine","tag-soldat"],"jetpack_featured_media_url":"","_links":{"self":[{"href":"https:\/\/grenierdecourbevoie.fr\/index.php\/wp-json\/wp\/v2\/posts\/332","targetHints":{"allow":["GET"]}}],"collection":[{"href":"https:\/\/grenierdecourbevoie.fr\/index.php\/wp-json\/wp\/v2\/posts"}],"about":[{"href":"https:\/\/grenierdecourbevoie.fr\/index.php\/wp-json\/wp\/v2\/types\/post"}],"author":[{"embeddable":true,"href":"https:\/\/grenierdecourbevoie.fr\/index.php\/wp-json\/wp\/v2\/users\/1"}],"replies":[{"embeddable":true,"href":"https:\/\/grenierdecourbevoie.fr\/index.php\/wp-json\/wp\/v2\/comments?post=332"}],"version-history":[{"count":1,"href":"https:\/\/grenierdecourbevoie.fr\/index.php\/wp-json\/wp\/v2\/posts\/332\/revisions"}],"predecessor-version":[{"id":333,"href":"https:\/\/grenierdecourbevoie.fr\/index.php\/wp-json\/wp\/v2\/posts\/332\/revisions\/333"}],"wp:attachment":[{"href":"https:\/\/grenierdecourbevoie.fr\/index.php\/wp-json\/wp\/v2\/media?parent=332"}],"wp:term":[{"taxonomy":"category","embeddable":true,"href":"https:\/\/grenierdecourbevoie.fr\/index.php\/wp-json\/wp\/v2\/categories?post=332"},{"taxonomy":"post_tag","embeddable":true,"href":"https:\/\/grenierdecourbevoie.fr\/index.php\/wp-json\/wp\/v2\/tags?post=332"}],"curies":[{"name":"wp","href":"https:\/\/api.w.org\/{rel}","templated":true}]}}