{"id":334,"date":"2022-10-17T15:08:46","date_gmt":"2022-10-17T13:08:46","guid":{"rendered":"http:\/\/grenierdecourbevoie.fr\/?p=334"},"modified":"2022-10-17T15:08:46","modified_gmt":"2022-10-17T13:08:46","slug":"la-jeune-exilee","status":"publish","type":"post","link":"https:\/\/grenierdecourbevoie.fr\/index.php\/2022\/10\/17\/la-jeune-exilee\/","title":{"rendered":"La jeune exil\u00e9e"},"content":{"rendered":"\n<p class=\"wp-block-paragraph\"><strong>La jeune exil\u00e9e<\/strong><\/p>\n\n\n\n<p class=\"wp-block-paragraph\">C\u2019est l\u2019histoire du d\u00e9part, durant la guerre d\u2019Alg\u00e9rie, de ma grand-m\u00e8re alors \u00e2g\u00e9e de seize ans et de ses parents.&nbsp;<\/p>\n\n\n\n<p class=\"wp-block-paragraph\">A chaque fois qu\u2019on lui demande comment elle a fait pour s\u2019habituer \u00e0 vivre en France, car auparavant elle n\u2019y \u00e9tait venue que tr\u00e8s rarement, elle nous r\u00e9pond que cela a \u00e9t\u00e9 dur car les coutumes sont diff\u00e9rentes, que le climat est diff\u00e9rent et qu\u2019elle a eu du mal \u00e0 s\u2019habituer au froid de l\u2019Est de la France. Elle dit que \u00e7a a aussi \u00e9t\u00e9 dur d\u2019\u00eatre coup\u00e9e aussi rapidement de ses amis et de son pays de naissance, et de ne pas pouvoir y retourner avant un long moment. Mais elle ajoute que gr\u00e2ce \u00e0 ce retour en France elle a pu rencontrer mon grand-p\u00e8re, se marier avec lui, et avoir deux enfants, mon oncle et ma m\u00e8re.<\/p>\n","protected":false},"excerpt":{"rendered":"<p>La jeune exil\u00e9e C\u2019est l\u2019histoire du d\u00e9part, durant la guerre d\u2019Alg\u00e9rie, de ma grand-m\u00e8re alors \u00e2g\u00e9e de seize ans et de ses parents.&nbsp; A chaque fois qu\u2019on lui demande comment elle a fait pour&#46;&#46;&#46;<\/p>\n","protected":false},"author":1,"featured_media":0,"comment_status":"closed","ping_status":"closed","sticky":false,"template":"","format":"standard","meta":{"_crdt_document":"","footnotes":""},"categories":[6,24],"tags":[458,105,398],"class_list":["post-334","post","type-post","status-publish","format-standard","hentry","category-amour","category-guerre","tag-exil","tag-guerre-dalgerie","tag-pieds-noirs"],"jetpack_featured_media_url":"","_links":{"self":[{"href":"https:\/\/grenierdecourbevoie.fr\/index.php\/wp-json\/wp\/v2\/posts\/334","targetHints":{"allow":["GET"]}}],"collection":[{"href":"https:\/\/grenierdecourbevoie.fr\/index.php\/wp-json\/wp\/v2\/posts"}],"about":[{"href":"https:\/\/grenierdecourbevoie.fr\/index.php\/wp-json\/wp\/v2\/types\/post"}],"author":[{"embeddable":true,"href":"https:\/\/grenierdecourbevoie.fr\/index.php\/wp-json\/wp\/v2\/users\/1"}],"replies":[{"embeddable":true,"href":"https:\/\/grenierdecourbevoie.fr\/index.php\/wp-json\/wp\/v2\/comments?post=334"}],"version-history":[{"count":1,"href":"https:\/\/grenierdecourbevoie.fr\/index.php\/wp-json\/wp\/v2\/posts\/334\/revisions"}],"predecessor-version":[{"id":335,"href":"https:\/\/grenierdecourbevoie.fr\/index.php\/wp-json\/wp\/v2\/posts\/334\/revisions\/335"}],"wp:attachment":[{"href":"https:\/\/grenierdecourbevoie.fr\/index.php\/wp-json\/wp\/v2\/media?parent=334"}],"wp:term":[{"taxonomy":"category","embeddable":true,"href":"https:\/\/grenierdecourbevoie.fr\/index.php\/wp-json\/wp\/v2\/categories?post=334"},{"taxonomy":"post_tag","embeddable":true,"href":"https:\/\/grenierdecourbevoie.fr\/index.php\/wp-json\/wp\/v2\/tags?post=334"}],"curies":[{"name":"wp","href":"https:\/\/api.w.org\/{rel}","templated":true}]}}