{"id":381,"date":"2022-10-18T16:54:21","date_gmt":"2022-10-18T14:54:21","guid":{"rendered":"http:\/\/grenierdecourbevoie.fr\/?p=381"},"modified":"2022-10-18T16:54:22","modified_gmt":"2022-10-18T14:54:22","slug":"une-famille-etrange-et-magique","status":"publish","type":"post","link":"https:\/\/grenierdecourbevoie.fr\/index.php\/2022\/10\/18\/une-famille-etrange-et-magique\/","title":{"rendered":"Une famille \u00e9trange et magique"},"content":{"rendered":"\n<p class=\"wp-block-paragraph\">Depuis si longtemps je vais chaque \u00e9t\u00e9 dans le sud de la France voir ma famille, plus exactement ma famille du c\u00f4t\u00e9 de ma m\u00e8re. J&#8217;avais tellement peur de ne pas les voir cet \u00e9t\u00e9 \u00e0 cause du virus corona. En g\u00e9n\u00e9ral, nous allons chez notre tante o\u00f9 se trouvent tous mes cousins. Deux autres fr\u00e8res et s\u0153urs de ma m\u00e8re y vont aussi avec leurs familles. C&#8217;est comme une grande r\u00e9union de famille !<\/p>\n\n\n\n<p class=\"wp-block-paragraph\">Cette ann\u00e9e, nous voulions du changement. Nous avons donc d\u00e9cid\u00e9 d&#8217;aller \u00e0 Palma de Majorque. Le plan est que nous nous r\u00e9unissons tous \u00e0 Montpellier avant de prendre une d\u00e9cision. C&#8217;\u00e9tait un mardi quand mon fr\u00e8re a commenc\u00e9 \u00e0 se sentir mal. Bien s\u00fbr, nous ne pourrions pas aller en Espagne si mon fr\u00e8re \u00e9tait malade. Alors jeudi nous l&#8217;avons emmen\u00e9 faire le test de covid : s&#8217;il \u00e9tait positif, nous devrions tous retourner \u00e0 Paris pour \u00eatre confin\u00e9, et s&#8217;il \u00e9tait n\u00e9gatif, nous irons tous en Espagne. Ai-je mentionn\u00e9 que nous n&#8217;avions pas pris nos billets d&#8217;avion ou l&#8217;h\u00f4tel ?<\/p>\n\n\n\n<p class=\"wp-block-paragraph\">Nous \u00e9tions cens\u00e9s avoir la r\u00e9ponse le samedi. Nous avons tous \u00e9t\u00e9 paniqu\u00e9s. Ce que nous ne savions pas, c\u2019est que notre tante avait un objet appel\u00e9 \u00ab&nbsp;le pendule \u00bb et la superstition dit que vous pouvez lui poser des questions et il vous donnera la r\u00e9ponse. Elle lui a demand\u00e9 si mon fr\u00e8re avait le coronavirus, ou si quelqu&#8217;un l\u2019avait, et si nous allions en Espagne. Il a dit qu\u2019aucun d\u2019entre nous n\u2019avait la corona mais que nous n\u2019irions pas en Espagne mais ailleurs. C&#8217;\u00e9tait en fait tellement effrayant parce que la chose qui contr\u00f4lait ce pendule \u00e9tait cens\u00e9e \u00eatre une personne morte &#8230;<\/p>\n\n\n\n<p class=\"wp-block-paragraph\">Il \u00e9tait enfin samedi et nous attendions la r\u00e9ponse au restaurant. Devinez quoi, il \u00e9tait n\u00e9gatif ! Le pendule avait raison. Nos parents ont finalement d\u00e9cid\u00e9 de r\u00e9server pour le voyage m\u00eame si cela signifie que nous n\u2019\u00e9coutions pas le pendule. De plus, nous \u00e9tions 13 \u00e0 y aller et certains d&#8217;entre nous avaient le si\u00e8ge num\u00e9ro 13. Nous avions tellement peur de mourir tellement nous superstitieux.<\/p>\n\n\n\n<p class=\"wp-block-paragraph\">ALERTE SPOILER : Nous ne sommes pas morts et nous avons pass\u00e9 de merveilleuses vacances.<\/p>\n\n\n\n<p class=\"wp-block-paragraph\">FUN FACT : Quand nous sommes revenus \u00e0 Paris, j\u2019ai appris que dans la chambre ou j\u2019avais l&#8217;habitude de dormir \u00e9tait poss\u00e9d\u00e9e par une sorte de protection par un \u00ab ange ou une chose protectrice \u00bb. Je suis d&#8217;accord que c&#8217;est effrayant &#8230;<\/p>\n","protected":false},"excerpt":{"rendered":"<p>Depuis si longtemps je vais chaque \u00e9t\u00e9 dans le sud de la France voir ma famille, plus exactement ma famille du c\u00f4t\u00e9 de ma m\u00e8re. J&#8217;avais tellement peur de ne pas les voir cet&#46;&#46;&#46;<\/p>\n","protected":false},"author":1,"featured_media":0,"comment_status":"closed","ping_status":"closed","sticky":false,"template":"","format":"standard","meta":{"_crdt_document":"","footnotes":""},"categories":[13,12],"tags":[544,545,543,420,542],"class_list":["post-381","post","type-post","status-publish","format-standard","hentry","category-traditions-et-legendes","category-vacances-et-fetes","tag-espagne","tag-palma-de-majorque","tag-pendule","tag-prediction","tag-superstition"],"jetpack_featured_media_url":"","_links":{"self":[{"href":"https:\/\/grenierdecourbevoie.fr\/index.php\/wp-json\/wp\/v2\/posts\/381","targetHints":{"allow":["GET"]}}],"collection":[{"href":"https:\/\/grenierdecourbevoie.fr\/index.php\/wp-json\/wp\/v2\/posts"}],"about":[{"href":"https:\/\/grenierdecourbevoie.fr\/index.php\/wp-json\/wp\/v2\/types\/post"}],"author":[{"embeddable":true,"href":"https:\/\/grenierdecourbevoie.fr\/index.php\/wp-json\/wp\/v2\/users\/1"}],"replies":[{"embeddable":true,"href":"https:\/\/grenierdecourbevoie.fr\/index.php\/wp-json\/wp\/v2\/comments?post=381"}],"version-history":[{"count":1,"href":"https:\/\/grenierdecourbevoie.fr\/index.php\/wp-json\/wp\/v2\/posts\/381\/revisions"}],"predecessor-version":[{"id":382,"href":"https:\/\/grenierdecourbevoie.fr\/index.php\/wp-json\/wp\/v2\/posts\/381\/revisions\/382"}],"wp:attachment":[{"href":"https:\/\/grenierdecourbevoie.fr\/index.php\/wp-json\/wp\/v2\/media?parent=381"}],"wp:term":[{"taxonomy":"category","embeddable":true,"href":"https:\/\/grenierdecourbevoie.fr\/index.php\/wp-json\/wp\/v2\/categories?post=381"},{"taxonomy":"post_tag","embeddable":true,"href":"https:\/\/grenierdecourbevoie.fr\/index.php\/wp-json\/wp\/v2\/tags?post=381"}],"curies":[{"name":"wp","href":"https:\/\/api.w.org\/{rel}","templated":true}]}}